{"id":69524,"date":"2022-01-07T17:24:47","date_gmt":"2022-01-07T23:24:47","guid":{"rendered":"http:\/\/diariodigitalmx.com\/?p=69524"},"modified":"2022-01-07T17:25:34","modified_gmt":"2022-01-07T23:25:34","slug":"son-seis-internos-lesionados-en-rina-del-penal-de-apodaca","status":"publish","type":"post","link":"https:\/\/diariodigitalmx.com\/index.php\/2022\/01\/07\/son-seis-internos-lesionados-en-rina-del-penal-de-apodaca\/","title":{"rendered":"Son seis internos lesionados en ri\u00f1a del Penal de Apodaca"},"content":{"rendered":"\n<p>Monterrey &#8211; Por lo menos seis personas resultaron lesionadas al registrarse una ri\u00f1a al interior del Penal 1 de Apodaca, al norte de la zona conurbada.&nbsp;<\/p>\n\n\n\n<p>La Secretar\u00eda de Seguridad P\u00fablica estatal inform\u00f3 en escueto comunicado que&nbsp; en el Centro Social Apodaca 1, hubo una ri\u00f1a entre personas privadas de su libertad, la que, dice, fue contenida r\u00e1pida y efectivamente por los elementos de seguridad del centro penitenciario.&nbsp;<\/p>\n\n\n\n<p>&#8220;Seis personas privadas de la libertad resultaron con lesiones que no ponen en riesgo su vida&#8221;, agrega.&nbsp;<\/p>\n\n\n\n<p>&#8221; Las actividades en el centro penitenciario est\u00e1n en orden y las personas privadas de la libertad sin riesgo alguno&#8221;, explica.&nbsp;<\/p>\n\n\n\n<p>Extraoficialmente se dijo por agentes policiacos que al menos tres custodios habr\u00edan sido lesionados sin mayores consecuencias.&nbsp;<\/p>\n\n\n\n<p>Mientras tanto, familiares de los internos acudieron al lugar y golpearon las puertas del penal, mientras se les unieron quienes estaban de visita y que fueron desalojados.&nbsp;<\/p>\n\n\n\n<p>Durante la ri\u00f1a registrada en el edificio Delta los internos quemaron colchones y otros enseres, en tanto una columna de humo sali\u00f3 del lugar.&nbsp;<\/p>\n\n\n\n<p>Personal ajeno al penitenciario fue desalojado y se solicit\u00f3 el reforzamiento de la seguridad en las instalaciones.&nbsp;<\/p>\n\n\n\n<p>El Penal se ubica al norte de la zona metropolitana de Monterrey.&nbsp;<\/p>\n\n\n\n<p>Algunas corporaciones polic\u00edacas como Fuerza Civil y Ministerial se dieron cita al lugar, penal que en febrero de 2012 registr\u00f3 la muerte de 44 presos que pelearon por el control.&nbsp;<\/p>\n\n\n\n<p>Horas antes del incidente, en una reuni\u00f3n de seguridad, el gobernador Samuel Garc\u00eda inform\u00f3 que a partir de este viernes, se restringen las llamadas y no las habr\u00e1 desde ning\u00fan penal para que no se vuelva a delinquir.&nbsp;<\/p>\n\n\n\n<p>&#8220;Retomamos el control de los penales, no se vuelve a delinquir, no vuelven a entrar ni salir llamadas delincuenciales de ning\u00fan penal de Nuevo Le\u00f3n&#8221;&nbsp;<\/p>\n","protected":false},"excerpt":{"rendered":"<p>Monterrey &#8211; Por lo menos seis personas resultaron lesionadas al registrarse una ri\u00f1a al interior del Penal 1 de Apodaca, al norte de la zona conurbada.&nbsp; La Secretar\u00eda de Seguridad P\u00fablica estatal inform\u00f3 en escueto comunicado que&nbsp; en el Centro Social Apodaca 1, hubo una ri\u00f1a entre personas privadas de su libertad, la que, dice, [&hellip;]<\/p>\n","protected":false},"author":1,"featured_media":69526,"comment_status":"open","ping_status":"open","sticky":true,"template":"","format":"standard","meta":{"footnotes":""},"categories":[6,3],"tags":[],"_links":{"self":[{"href":"https:\/\/diariodigitalmx.com\/index.php\/wp-json\/wp\/v2\/posts\/69524"}],"collection":[{"href":"https:\/\/diariodigitalmx.com\/index.php\/wp-json\/wp\/v2\/posts"}],"about":[{"href":"https:\/\/diariodigitalmx.com\/index.php\/wp-json\/wp\/v2\/types\/post"}],"author":[{"embeddable":true,"href":"https:\/\/diariodigitalmx.com\/index.php\/wp-json\/wp\/v2\/users\/1"}],"replies":[{"embeddable":true,"href":"https:\/\/diariodigitalmx.com\/index.php\/wp-json\/wp\/v2\/comments?post=69524"}],"version-history":[{"count":1,"href":"https:\/\/diariodigitalmx.com\/index.php\/wp-json\/wp\/v2\/posts\/69524\/revisions"}],"predecessor-version":[{"id":69525,"href":"https:\/\/diariodigitalmx.com\/index.php\/wp-json\/wp\/v2\/posts\/69524\/revisions\/69525"}],"wp:featuredmedia":[{"embeddable":true,"href":"https:\/\/diariodigitalmx.com\/index.php\/wp-json\/wp\/v2\/media\/69526"}],"wp:attachment":[{"href":"https:\/\/diariodigitalmx.com\/index.php\/wp-json\/wp\/v2\/media?parent=69524"}],"wp:term":[{"taxonomy":"category","embeddable":true,"href":"https:\/\/diariodigitalmx.com\/index.php\/wp-json\/wp\/v2\/categories?post=69524"},{"taxonomy":"post_tag","embeddable":true,"href":"https:\/\/diariodigitalmx.com\/index.php\/wp-json\/wp\/v2\/tags?post=69524"}],"curies":[{"name":"wp","href":"https:\/\/api.w.org\/{rel}","templated":true}]}}