{"id":69527,"date":"2022-01-07T18:58:14","date_gmt":"2022-01-08T00:58:14","guid":{"rendered":"http:\/\/diariodigitalmx.com\/?p=69527"},"modified":"2022-01-07T19:01:40","modified_gmt":"2022-01-08T01:01:40","slug":"derechos-humanos-habia-advertido-de-posibles-problemas-en-penal-de-apodaca","status":"publish","type":"post","link":"https:\/\/diariodigitalmx.com\/index.php\/2022\/01\/07\/derechos-humanos-habia-advertido-de-posibles-problemas-en-penal-de-apodaca\/","title":{"rendered":"Derechos Humanos hab\u00eda advertido de posibles problemas en Penal de Apodaca"},"content":{"rendered":"\n<p>Monterrey &#8211;&nbsp; Derechos Humanos advirti\u00f3 en 2021 de una serie de irregularidades en el Penal de Apodaca, y ahora tras la ri\u00f1a registrada ah\u00ed, emiti\u00f3 una serie de medidas cautelares.<\/p>\n\n\n\n<p>El documento dirigido al Secretario de Seguridad P\u00fablica del Estado, Aldo Fasci Zuazua, detalla que deben adoptarse las medidas para preservar los derechos de las&nbsp;<\/p>\n\n\n\n<p>personas privadas de la libertad y personal penitenciario.<\/p>\n\n\n\n<p>En diciembre pasado, la CEDHNL solicit\u00f3 en un documento escrito ejecutar diversas acciones para prevenir motines e incrementar la seguridad en los centros penitenciarios.&nbsp;<\/p>\n\n\n\n<p>En el Diagn\u00f3stico del Sistema Estatal Penitenciario 2021, el Centro de Reinserci\u00f3n Social n\u00famero 1 obtuvo una calificaci\u00f3n de 6.26, con un total de 5 mil 076 personas privadas de la libertad, hasta septiembre del a\u00f1o pasado.<\/p>\n\n\n\n<figure class=\"wp-block-image size-large\"><img loading=\"lazy\" decoding=\"async\" width=\"853\" height=\"853\" src=\"http:\/\/diariodigitalmx.com\/wp-content\/uploads\/2022\/01\/IMG_20220107_185618_113.jpg\" alt=\"\" class=\"wp-image-69531\" srcset=\"https:\/\/diariodigitalmx.com\/wp-content\/uploads\/2022\/01\/IMG_20220107_185618_113.jpg 853w, https:\/\/diariodigitalmx.com\/wp-content\/uploads\/2022\/01\/IMG_20220107_185618_113-300x300.jpg 300w, https:\/\/diariodigitalmx.com\/wp-content\/uploads\/2022\/01\/IMG_20220107_185618_113-150x150.jpg 150w, https:\/\/diariodigitalmx.com\/wp-content\/uploads\/2022\/01\/IMG_20220107_185618_113-768x768.jpg 768w\" sizes=\"(max-width: 853px) 100vw, 853px\" \/><\/figure>\n\n\n\n<p>En este espacio, la CEDHNL detect\u00f3 un d\u00e9ficit en el personal de seguridad y custodia, as\u00ed como la falta de un reglamento interno actualizado, y sin una separaci\u00f3n entre personas procesadas y sentenciadas en los m\u00f3dulos.<\/p>\n\n\n\n<p>Adem\u00e1s, se observ\u00f3 que son deficientes las condiciones materiales e higiene en algunas&nbsp;\u00e1reas.<\/p>\n\n\n\n<p>\u201cQue la intervenci\u00f3n de los elementos policiales sea conforme al principio de absoluta necesidad, tanto en los niveles del uso de la fuerza establecidos en la normatividad y protocolos aplicables\u201d, estableci\u00f3 el escrito entregado.<\/p>\n\n\n\n<p>\u201cPreservar la integridad f\u00edsica de las personas privadas de la libertad, proporcionar atenci\u00f3n m\u00e9dica inmediata a quienes resulten afectados con motivo de la ri\u00f1a, brindar informaci\u00f3n oportuna a los familiares, y que los traslados de personas entre los centros&nbsp;penitenciarios se efect\u00faen garantizando sus derechos humanos\u201d, agrega.<\/p>\n","protected":false},"excerpt":{"rendered":"<p>Monterrey &#8211;&nbsp; Derechos Humanos advirti\u00f3 en 2021 de una serie de irregularidades en el Penal de Apodaca, y ahora tras la ri\u00f1a registrada ah\u00ed, emiti\u00f3 una serie de medidas cautelares. El documento dirigido al Secretario de Seguridad P\u00fablica del Estado, Aldo Fasci Zuazua, detalla que deben adoptarse las medidas para preservar los derechos de las&nbsp; [&hellip;]<\/p>\n","protected":false},"author":1,"featured_media":69529,"comment_status":"open","ping_status":"open","sticky":true,"template":"","format":"standard","meta":{"footnotes":""},"categories":[6,3],"tags":[],"_links":{"self":[{"href":"https:\/\/diariodigitalmx.com\/index.php\/wp-json\/wp\/v2\/posts\/69527"}],"collection":[{"href":"https:\/\/diariodigitalmx.com\/index.php\/wp-json\/wp\/v2\/posts"}],"about":[{"href":"https:\/\/diariodigitalmx.com\/index.php\/wp-json\/wp\/v2\/types\/post"}],"author":[{"embeddable":true,"href":"https:\/\/diariodigitalmx.com\/index.php\/wp-json\/wp\/v2\/users\/1"}],"replies":[{"embeddable":true,"href":"https:\/\/diariodigitalmx.com\/index.php\/wp-json\/wp\/v2\/comments?post=69527"}],"version-history":[{"count":3,"href":"https:\/\/diariodigitalmx.com\/index.php\/wp-json\/wp\/v2\/posts\/69527\/revisions"}],"predecessor-version":[{"id":69532,"href":"https:\/\/diariodigitalmx.com\/index.php\/wp-json\/wp\/v2\/posts\/69527\/revisions\/69532"}],"wp:featuredmedia":[{"embeddable":true,"href":"https:\/\/diariodigitalmx.com\/index.php\/wp-json\/wp\/v2\/media\/69529"}],"wp:attachment":[{"href":"https:\/\/diariodigitalmx.com\/index.php\/wp-json\/wp\/v2\/media?parent=69527"}],"wp:term":[{"taxonomy":"category","embeddable":true,"href":"https:\/\/diariodigitalmx.com\/index.php\/wp-json\/wp\/v2\/categories?post=69527"},{"taxonomy":"post_tag","embeddable":true,"href":"https:\/\/diariodigitalmx.com\/index.php\/wp-json\/wp\/v2\/tags?post=69527"}],"curies":[{"name":"wp","href":"https:\/\/api.w.org\/{rel}","templated":true}]}}