{"id":69533,"date":"2022-01-07T19:36:45","date_gmt":"2022-01-08T01:36:45","guid":{"rendered":"http:\/\/diariodigitalmx.com\/?p=69533"},"modified":"2022-01-07T19:38:30","modified_gmt":"2022-01-08T01:38:30","slug":"fueron-21-los-lesionados-en-el-penal-de-apodaca","status":"publish","type":"post","link":"https:\/\/diariodigitalmx.com\/index.php\/2022\/01\/07\/fueron-21-los-lesionados-en-el-penal-de-apodaca\/","title":{"rendered":"Fueron 21 los lesionados en el Penal de Apodaca"},"content":{"rendered":"\n<figure class=\"wp-block-video\"><video controls src=\"http:\/\/diariodigitalmx.com\/wp-content\/uploads\/2022\/01\/VID-20220107-WA0040.mp4\"><\/video><\/figure>\n\n\n\n<p>Walter Elizondo <\/p>\n\n\n\n<p>Monterrey &#8211; luego de la ri\u00f1a en el Penal de Apodaca, el saldo ha sido de 21 lesionados, 17 internos y cuatro personas del exterior a los que le cay\u00f3 un port\u00f3n de la entrada del reclusorio.&nbsp;<\/p>\n\n\n\n<p>Adem\u00e1s, 11 de los 17 reclusos lesionados, requirieron ser transportados a un hospital aunque sus lesiones no son de gravedad.&nbsp;<\/p>\n\n\n\n<p>Aldo Fasci, Secretario de Seguridad P\u00fablica dijo que tienen lesiones leves, infringidas con pedradas, y rechaz\u00f3 que en la ri\u00f1a se hayan utilizado puntillas o alguna otra arma.&nbsp;<\/p>\n\n\n\n<p>Explic\u00f3 que hay seis reos descalabros, pero en total fueron 11 los que fueron llevados al Hospital, pues, a\u00f1adi\u00f3, se dieron &#8220;con piedras chiquitas&#8221;.&nbsp;<\/p>\n\n\n\n<p>El funcionario relat\u00f3 que la ri\u00f1a se inici\u00f3 cuando pelearon dos internos por 70 pesos, pero ello ocasion\u00f3 que &#8220;se hiciera una bola y quemaran un colch\u00f3n&#8221;. Despu\u00e9s se calm\u00f3 todo con la seguridad interna y Fuerza Civil lleg\u00f3 a&nbsp; reforzar.&nbsp;<\/p>\n\n\n\n<p>Otras cuatro personas, entre ellos un fot\u00f3grafo de prensa resultaron con golpes cuando de les cay\u00f3 un port\u00f3n de una de las entradas del centro penitenciario cuando los custodios la cerraron tras de que sali\u00f3 un veh\u00edculo.&nbsp;<\/p>\n\n\n\n<p>Las personas en su totalidad familiares de los reos protestaban en las puertas para que les dieran informes, e inclusive golpearon los portones y lanzaron algunos objetos, adem\u00e1s de cerrar por minutos una importante vialidad.&nbsp;<\/p>\n\n\n\n<p>La lista de los internos lesionados otorgada por la autoridad es la siguiente: Jes\u00fas Emanuel C\u00e1rdenas Duelos, Alejandro Carrillo Garc\u00eda, Miguel Adri\u00e1n Castillo Mart\u00ednez, Abraham Alberto De Le\u00f3n Casillas y Emanuel Flores Loera, Jorge Alejandro Gonz\u00e1lez Rodr\u00edguez, Ra\u00fal Mart\u00ednez Guerra Carlos Eliud Olgu\u00edn Mart\u00ednez, Rosendo Manuel Olivo Casta\u00f1eda y Mauricio P\u00e1ez Mu\u00f1oz.<\/p>\n\n\n\n<p>Tambi\u00e9n Juan Felipe Rivera Ovalle, Humberto Sosa Ruiz, V\u00edctor Manuel Trejo Mart\u00ednez, Jonathan Alejandro Gonz\u00e1lez, V\u00edctor Cant\u00fa Garc\u00eda y Arturo Torres Aguilar.<\/p>\n","protected":false},"excerpt":{"rendered":"<p>Walter Elizondo Monterrey &#8211; luego de la ri\u00f1a en el Penal de Apodaca, el saldo ha sido de 21 lesionados, 17 internos y cuatro personas del exterior a los que le cay\u00f3 un port\u00f3n de la entrada del reclusorio.&nbsp; Adem\u00e1s, 11 de los 17 reclusos lesionados, requirieron ser transportados a un hospital aunque sus lesiones [&hellip;]<\/p>\n","protected":false},"author":1,"featured_media":69535,"comment_status":"open","ping_status":"open","sticky":true,"template":"","format":"standard","meta":{"footnotes":""},"categories":[6,3],"tags":[],"_links":{"self":[{"href":"https:\/\/diariodigitalmx.com\/index.php\/wp-json\/wp\/v2\/posts\/69533"}],"collection":[{"href":"https:\/\/diariodigitalmx.com\/index.php\/wp-json\/wp\/v2\/posts"}],"about":[{"href":"https:\/\/diariodigitalmx.com\/index.php\/wp-json\/wp\/v2\/types\/post"}],"author":[{"embeddable":true,"href":"https:\/\/diariodigitalmx.com\/index.php\/wp-json\/wp\/v2\/users\/1"}],"replies":[{"embeddable":true,"href":"https:\/\/diariodigitalmx.com\/index.php\/wp-json\/wp\/v2\/comments?post=69533"}],"version-history":[{"count":2,"href":"https:\/\/diariodigitalmx.com\/index.php\/wp-json\/wp\/v2\/posts\/69533\/revisions"}],"predecessor-version":[{"id":69537,"href":"https:\/\/diariodigitalmx.com\/index.php\/wp-json\/wp\/v2\/posts\/69533\/revisions\/69537"}],"wp:featuredmedia":[{"embeddable":true,"href":"https:\/\/diariodigitalmx.com\/index.php\/wp-json\/wp\/v2\/media\/69535"}],"wp:attachment":[{"href":"https:\/\/diariodigitalmx.com\/index.php\/wp-json\/wp\/v2\/media?parent=69533"}],"wp:term":[{"taxonomy":"category","embeddable":true,"href":"https:\/\/diariodigitalmx.com\/index.php\/wp-json\/wp\/v2\/categories?post=69533"},{"taxonomy":"post_tag","embeddable":true,"href":"https:\/\/diariodigitalmx.com\/index.php\/wp-json\/wp\/v2\/tags?post=69533"}],"curies":[{"name":"wp","href":"https:\/\/api.w.org\/{rel}","templated":true}]}}