{"id":69570,"date":"2022-01-08T17:42:18","date_gmt":"2022-01-08T23:42:18","guid":{"rendered":"http:\/\/diariodigitalmx.com\/?p=69570"},"modified":"2022-01-08T17:42:52","modified_gmt":"2022-01-08T23:42:52","slug":"ahora-dicen-que-fueron-56-los-lesionados-en-el-penal-de-apodaca","status":"publish","type":"post","link":"https:\/\/diariodigitalmx.com\/index.php\/2022\/01\/08\/ahora-dicen-que-fueron-56-los-lesionados-en-el-penal-de-apodaca\/","title":{"rendered":"Ahora dicen que fueron 56 los lesionados en el Penal de Apodaca"},"content":{"rendered":"\n<p>Walter Elizondo <\/p>\n\n\n\n<p>Monterrey &#8211;&nbsp; La ri\u00f1a en el Penal 1 de Apodaca se debi\u00f3 a cuestiones de extorsi\u00f3n entre los internos, seg\u00fan las autoridades&nbsp; que actualizaron las cifras a 56 lesionados.&nbsp;<\/p>\n\n\n\n<p>El secretario de Seguridad P\u00fablica estatal, Aldo Fasci Zuazua y el secretario general de Gobierno, Javier Navarro informaron que des esos 56 lesionados, solamente 29 requirieron hospitalizaci\u00f3n y ahora ocho siguen en un nosocomio. Todos con heridas leves que no pusieron en peligro la vida, dijeron.&nbsp;<\/p>\n\n\n\n<p>*Fue una cuesti\u00f3n de extorsionadores&nbsp; contra extorsionados&#8221;, dijo el titular de Seguridad, quien acept\u00f3 que se ha pasado a un cogobiernno en ese centro penitenciario ubicado al norte de la zona metropolitana de Monterrey.&nbsp;<\/p>\n\n\n\n<p>A los 56 lesionados se suman los cuatro civiles a los que les cay\u00f3 encima un port\u00f3n de una de las puertas. Ellos tambi\u00e9n est\u00e1n fuera de peligro.&nbsp;<\/p>\n\n\n\n<p>La versi\u00f3n oficial es de que trataron de extorsionar a un interno con 70 pesos, lo que origin\u00f3 la ri\u00f1a campal.&nbsp;<\/p>\n\n\n\n<p>Los reos habr\u00edan intentado vengarse de Adolfo N., &#8220;El Jeringas&#8221;, integrante de un grupo se\u00f1alado por extorsiones al interior del penal.&nbsp;<\/p>\n\n\n\n<p>Mientras tanto, familiares de internos pasaron la noche en las puertas del centro penitenciario en espera de alg\u00fan informe acerca de la integridad f\u00edsica de sus internos.&nbsp;<\/p>\n\n\n\n<p>Tras reportarse los hechos donde los internos quemaron colchones, las autoridades primero dijeron que eran solamente seis lesionados, luego aumentaron a 21 y&nbsp; este s\u00e1bado suben a 56.<\/p>\n\n\n\n<p>Las familias que esperan informes dijeron que no creen en las autoridades y hasta suponen&nbsp; que hubo muertos, sin embargo, todav\u00eda al mediod\u00eda nadie les hab\u00eda dado informes.&nbsp;<\/p>\n","protected":false},"excerpt":{"rendered":"<p>Walter Elizondo Monterrey &#8211;&nbsp; La ri\u00f1a en el Penal 1 de Apodaca se debi\u00f3 a cuestiones de extorsi\u00f3n entre los internos, seg\u00fan las autoridades&nbsp; que actualizaron las cifras a 56 lesionados.&nbsp; El secretario de Seguridad P\u00fablica estatal, Aldo Fasci Zuazua y el secretario general de Gobierno, Javier Navarro informaron que des esos 56 lesionados, solamente [&hellip;]<\/p>\n","protected":false},"author":1,"featured_media":69572,"comment_status":"open","ping_status":"open","sticky":true,"template":"","format":"standard","meta":{"footnotes":""},"categories":[6,3],"tags":[],"_links":{"self":[{"href":"https:\/\/diariodigitalmx.com\/index.php\/wp-json\/wp\/v2\/posts\/69570"}],"collection":[{"href":"https:\/\/diariodigitalmx.com\/index.php\/wp-json\/wp\/v2\/posts"}],"about":[{"href":"https:\/\/diariodigitalmx.com\/index.php\/wp-json\/wp\/v2\/types\/post"}],"author":[{"embeddable":true,"href":"https:\/\/diariodigitalmx.com\/index.php\/wp-json\/wp\/v2\/users\/1"}],"replies":[{"embeddable":true,"href":"https:\/\/diariodigitalmx.com\/index.php\/wp-json\/wp\/v2\/comments?post=69570"}],"version-history":[{"count":1,"href":"https:\/\/diariodigitalmx.com\/index.php\/wp-json\/wp\/v2\/posts\/69570\/revisions"}],"predecessor-version":[{"id":69571,"href":"https:\/\/diariodigitalmx.com\/index.php\/wp-json\/wp\/v2\/posts\/69570\/revisions\/69571"}],"wp:featuredmedia":[{"embeddable":true,"href":"https:\/\/diariodigitalmx.com\/index.php\/wp-json\/wp\/v2\/media\/69572"}],"wp:attachment":[{"href":"https:\/\/diariodigitalmx.com\/index.php\/wp-json\/wp\/v2\/media?parent=69570"}],"wp:term":[{"taxonomy":"category","embeddable":true,"href":"https:\/\/diariodigitalmx.com\/index.php\/wp-json\/wp\/v2\/categories?post=69570"},{"taxonomy":"post_tag","embeddable":true,"href":"https:\/\/diariodigitalmx.com\/index.php\/wp-json\/wp\/v2\/tags?post=69570"}],"curies":[{"name":"wp","href":"https:\/\/api.w.org\/{rel}","templated":true}]}}