{"id":69588,"date":"2022-01-09T12:44:11","date_gmt":"2022-01-09T18:44:11","guid":{"rendered":"http:\/\/diariodigitalmx.com\/?p=69588"},"modified":"2022-01-09T12:45:12","modified_gmt":"2022-01-09T18:45:12","slug":"adelantar-la-sucesion-presidencial-provoco-una-guerra-monreal","status":"publish","type":"post","link":"https:\/\/diariodigitalmx.com\/index.php\/2022\/01\/09\/adelantar-la-sucesion-presidencial-provoco-una-guerra-monreal\/","title":{"rendered":"Adelantar la sucesi\u00f3n presidencial provoc\u00f3 una guerra: Monreal"},"content":{"rendered":"\n<p>Fue un error adelantar la sucesi\u00f3n presidencial en Morena, calific\u00f3 el senador Ricardo Monreal, en entrevista con el peri\u00f3dico Reforma.<\/p>\n\n\n\n<p>&#8220;Esta sucesi\u00f3n ha provocado una guerra temprana y lamentablemente si no hay reglas claras, compromisos pol\u00edticos internos, se va a agudizar; no se requiere ser tan sabio para prever que esto puede terminar mal&#8221;, se\u00f1al\u00f3 para Reforma.&nbsp;<\/p>\n\n\n\n<p>El pasado dos de enero, a trav\u00e9s de un video, Moreal \u00c1vila, presidente de la Junta de Coordinaci\u00f3n Pol\u00edtica del Senado de la Rep\u00fablica, reconoci\u00f3 la sucesi\u00f3n presidencial anticipada.&nbsp;<\/p>\n\n\n\n<p>\u200cDestac\u00f3 que cada d\u00eda la evidencia de los desencuentros internos, lejos de disminuir, aumenta y pareciera que la historia est\u00e1 por repetirse: por eso, en este punto de nuestra historia ser\u00eda valioso e ilustrativo repasar acontecimientos del pasado que nos inviten a reflexionar con toda serenidad, para poder precisar o imaginar lo que puede suceder si en el movimiento persisten comportamientos facciosos y autodestructivos.<\/p>\n\n\n\n<p>&#8220;Ya hemos visto despedazarse a miembros del gobierno, de partidos y de tribus, por no asumir la realidad y, por supuesto, por no querer soltar el poder y pretender dejarlo todo en unas manos&#8221;.<\/p>\n\n\n\n<p>Monreal se ha destapado para contender por la candidatura presidencial de Morena para 2024; sin embargo, no ha sido nombrado por el presidente Andr\u00e9s Manuel L\u00f3pez Obrador como uno de sus posibles sucesores.<\/p>\n\n\n\n<p>ORGULLO SER CALIFICADO DE TRAIDOR&nbsp;<\/p>\n\n\n\n<p>El senador Ricardo Monreal asegur\u00f3 que es para \u00e9l un &#8220;timbre de orgullo&#8221; que sea calificado de traici\u00f3n al defender a su ex colaborador Jos\u00e9 Manuel del R\u00edo, encarcelado se\u00f1alado por el presunto homicidio doloso de Ren\u00e9 Tovar, candidato de Movimiento Ciudadano a la alcald\u00eda Cazones de Herrera en Veracruz.&nbsp;<\/p>\n\n\n\n<p>&#8220;Para m\u00ed es un timbre de orgullo que me descalifiquen, para m\u00ed es un timbre de orgullo que me mencionen en todas partes donde hay problemas. Que me acusen de traici\u00f3n cuando estoy defendiendo a gente inocente en Veracruz, es un timbre de orgullo; ya demostramos en Veracruz que los seis j\u00f3venes encarcelados eran inocentes&#8221;, dijo el tambi\u00e9n presidente de la Junta de Coordinaci\u00f3n Pol\u00edtica (Jucopo) del Senado, en entrevista para el semanario Proceso.<\/p>\n\n\n\n<p>\u200c<\/p>\n","protected":false},"excerpt":{"rendered":"<p>Fue un error adelantar la sucesi\u00f3n presidencial en Morena, calific\u00f3 el senador Ricardo Monreal, en entrevista con el peri\u00f3dico Reforma. &#8220;Esta sucesi\u00f3n ha provocado una guerra temprana y lamentablemente si no hay reglas claras, compromisos pol\u00edticos internos, se va a agudizar; no se requiere ser tan sabio para prever que esto puede terminar mal&#8221;, se\u00f1al\u00f3 [&hellip;]<\/p>\n","protected":false},"author":1,"featured_media":69590,"comment_status":"open","ping_status":"open","sticky":true,"template":"","format":"standard","meta":{"footnotes":""},"categories":[2,3],"tags":[],"_links":{"self":[{"href":"https:\/\/diariodigitalmx.com\/index.php\/wp-json\/wp\/v2\/posts\/69588"}],"collection":[{"href":"https:\/\/diariodigitalmx.com\/index.php\/wp-json\/wp\/v2\/posts"}],"about":[{"href":"https:\/\/diariodigitalmx.com\/index.php\/wp-json\/wp\/v2\/types\/post"}],"author":[{"embeddable":true,"href":"https:\/\/diariodigitalmx.com\/index.php\/wp-json\/wp\/v2\/users\/1"}],"replies":[{"embeddable":true,"href":"https:\/\/diariodigitalmx.com\/index.php\/wp-json\/wp\/v2\/comments?post=69588"}],"version-history":[{"count":2,"href":"https:\/\/diariodigitalmx.com\/index.php\/wp-json\/wp\/v2\/posts\/69588\/revisions"}],"predecessor-version":[{"id":69591,"href":"https:\/\/diariodigitalmx.com\/index.php\/wp-json\/wp\/v2\/posts\/69588\/revisions\/69591"}],"wp:featuredmedia":[{"embeddable":true,"href":"https:\/\/diariodigitalmx.com\/index.php\/wp-json\/wp\/v2\/media\/69590"}],"wp:attachment":[{"href":"https:\/\/diariodigitalmx.com\/index.php\/wp-json\/wp\/v2\/media?parent=69588"}],"wp:term":[{"taxonomy":"category","embeddable":true,"href":"https:\/\/diariodigitalmx.com\/index.php\/wp-json\/wp\/v2\/categories?post=69588"},{"taxonomy":"post_tag","embeddable":true,"href":"https:\/\/diariodigitalmx.com\/index.php\/wp-json\/wp\/v2\/tags?post=69588"}],"curies":[{"name":"wp","href":"https:\/\/api.w.org\/{rel}","templated":true}]}}