{"id":69592,"date":"2022-01-09T13:03:58","date_gmt":"2022-01-09T19:03:58","guid":{"rendered":"http:\/\/diariodigitalmx.com\/?p=69592"},"modified":"2022-01-09T13:04:30","modified_gmt":"2022-01-09T19:04:30","slug":"hasta-avionetas-utilizan-polleros-para-cruzar-a-migrantes-a-estados-unidos","status":"publish","type":"post","link":"https:\/\/diariodigitalmx.com\/index.php\/2022\/01\/09\/hasta-avionetas-utilizan-polleros-para-cruzar-a-migrantes-a-estados-unidos\/","title":{"rendered":"Hasta avionetas utilizan polleros  para cruzar a migrantes a Estados Unidos"},"content":{"rendered":"\n<p>Los polleros y un buen n\u00famero de migrantes utilizan ahora avionetas para llegar a Estados Unidos y superar las medidas de seguridad que impiden cruzar la frontera.&nbsp;<\/p>\n\n\n\n<p>De acuerdo a un reporte de la Patrulla Fronteriza de Estados Unidos, los vuelos despegan&nbsp; y aterrizan en pistas clandestinas en zonas des\u00e9rticas de la frontera entre Estados Unidos y M\u00e9xico.&nbsp;<\/p>\n\n\n\n<p>\u201cComo en su momento se utilizaron para traficar droga desde M\u00e9xico, los polleros est\u00e1n enviando a los indocumentados en peque\u00f1as aeronaves que sobrevuelan a baja altura y aterrizan en zonas alejadas desde donde son trasladados a las ciudades en remolques-casas muy utilizadas en Estados Unidos\u201d, se\u00f1ala el informe.&nbsp;<\/p>\n\n\n\n<p>La instituci\u00f3n califica este nuevo m\u00e9todo de riesgoso, pues el tr\u00e1fico a\u00e9reo de migrantes qued\u00f3 evidenciado a finales del 2021 cuando la avioneta Piper Cherokee 235 con n\u00famero de registro N8591W se desplom\u00f3 al norte del Aeropuerto Internacional de Presidio, a 317 kil\u00f3metros de El Paso en la frontera con Ojinaga, Chihuahua.&nbsp;<\/p>\n\n\n\n<p>En la nave viajaban seis indocumentados que pagaron para cruzar la frontera por aire y que resultaron heridos durante el aterrizaje forzoso que el pollero-piloto tuvo que realizar debido al sobrepeso.<\/p>\n\n\n\n<p>El accidente encendi\u00f3 las alertas entre las autoridades en ambos lados de la frontera, pues en los \u00faltimos meses han identificado un incremento inusual en el tr\u00e1fico a\u00e9reo de este tipo de aeronaves.&nbsp;<\/p>\n\n\n\n<p>En el \u00faltimo semestre de 2021 hubo cinco accidentes a\u00e9reos que involucran a migrantes.&nbsp;<\/p>\n","protected":false},"excerpt":{"rendered":"<p>Los polleros y un buen n\u00famero de migrantes utilizan ahora avionetas para llegar a Estados Unidos y superar las medidas de seguridad que impiden cruzar la frontera.&nbsp; De acuerdo a un reporte de la Patrulla Fronteriza de Estados Unidos, los vuelos despegan&nbsp; y aterrizan en pistas clandestinas en zonas des\u00e9rticas de la frontera entre Estados [&hellip;]<\/p>\n","protected":false},"author":1,"featured_media":69594,"comment_status":"open","ping_status":"open","sticky":true,"template":"","format":"standard","meta":{"footnotes":""},"categories":[4,3],"tags":[],"_links":{"self":[{"href":"https:\/\/diariodigitalmx.com\/index.php\/wp-json\/wp\/v2\/posts\/69592"}],"collection":[{"href":"https:\/\/diariodigitalmx.com\/index.php\/wp-json\/wp\/v2\/posts"}],"about":[{"href":"https:\/\/diariodigitalmx.com\/index.php\/wp-json\/wp\/v2\/types\/post"}],"author":[{"embeddable":true,"href":"https:\/\/diariodigitalmx.com\/index.php\/wp-json\/wp\/v2\/users\/1"}],"replies":[{"embeddable":true,"href":"https:\/\/diariodigitalmx.com\/index.php\/wp-json\/wp\/v2\/comments?post=69592"}],"version-history":[{"count":1,"href":"https:\/\/diariodigitalmx.com\/index.php\/wp-json\/wp\/v2\/posts\/69592\/revisions"}],"predecessor-version":[{"id":69593,"href":"https:\/\/diariodigitalmx.com\/index.php\/wp-json\/wp\/v2\/posts\/69592\/revisions\/69593"}],"wp:featuredmedia":[{"embeddable":true,"href":"https:\/\/diariodigitalmx.com\/index.php\/wp-json\/wp\/v2\/media\/69594"}],"wp:attachment":[{"href":"https:\/\/diariodigitalmx.com\/index.php\/wp-json\/wp\/v2\/media?parent=69592"}],"wp:term":[{"taxonomy":"category","embeddable":true,"href":"https:\/\/diariodigitalmx.com\/index.php\/wp-json\/wp\/v2\/categories?post=69592"},{"taxonomy":"post_tag","embeddable":true,"href":"https:\/\/diariodigitalmx.com\/index.php\/wp-json\/wp\/v2\/tags?post=69592"}],"curies":[{"name":"wp","href":"https:\/\/api.w.org\/{rel}","templated":true}]}}