{"id":69595,"date":"2022-01-09T13:18:51","date_gmt":"2022-01-09T19:18:51","guid":{"rendered":"http:\/\/diariodigitalmx.com\/?p=69595"},"modified":"2022-01-09T13:21:45","modified_gmt":"2022-01-09T19:21:45","slug":"con-adicciones-la-mayoria-de-las-internas-del-penal-femenil-en-nl","status":"publish","type":"post","link":"https:\/\/diariodigitalmx.com\/index.php\/2022\/01\/09\/con-adicciones-la-mayoria-de-las-internas-del-penal-femenil-en-nl\/","title":{"rendered":"Adictas la mayor\u00eda de las internas del penal femenil en NL"},"content":{"rendered":"\n<p>Walter Elizondo <\/p>\n\n\n\n<p>Monterrey &#8211; El centro penitenciario femenil de Nuevo Le\u00f3n carece de programas para la desintoxicaci\u00f3n voluntaria y tratamiento de adicciones, alert\u00f3 la Comisi\u00f3n Estatal de Derechos Humanos.<\/p>\n\n\n\n<p>Explica en un documento que el 68 por ciento de las mujeres privadas de la libertad que se encuentran en el Centro de Reinserci\u00f3n Femenil del estado, tienen alguna adicci\u00f3n.&nbsp;<\/p>\n\n\n\n<p>Revela el Diagn\u00f3stico Estatal de\u00a0Supervisi\u00f3n Penitenciaria 2021 de la CEDHNL que en total hay 288\u00a0personas privadas de la libertad que presentan alg\u00fan tipo de adicci\u00f3n, de las 422 registradas en el centro penitenciario.<\/p>\n\n\n\n<figure class=\"wp-block-image size-large\"><img loading=\"lazy\" decoding=\"async\" width=\"1024\" height=\"682\" src=\"http:\/\/diariodigitalmx.com\/wp-content\/uploads\/2022\/01\/IMG-20220109-WA0002-1024x682.jpg\" alt=\"\" class=\"wp-image-69601\" srcset=\"https:\/\/diariodigitalmx.com\/wp-content\/uploads\/2022\/01\/IMG-20220109-WA0002-1024x682.jpg 1024w, https:\/\/diariodigitalmx.com\/wp-content\/uploads\/2022\/01\/IMG-20220109-WA0002-300x200.jpg 300w, https:\/\/diariodigitalmx.com\/wp-content\/uploads\/2022\/01\/IMG-20220109-WA0002-768x512.jpg 768w, https:\/\/diariodigitalmx.com\/wp-content\/uploads\/2022\/01\/IMG-20220109-WA0002.jpg 1280w\" sizes=\"(max-width: 1024px) 100vw, 1024px\" \/><\/figure>\n\n\n\n<p>\u201cSe constat\u00f3 que carecen de programas para la desintoxicaci\u00f3n voluntaria y tratamiento&nbsp;de adicciones\u201d, mencion\u00f3 la CEDHNL en el diagn\u00f3stico, adem\u00e1s de la falta de programas para la atenci\u00f3n de personas con discapacidad psicosocial.&nbsp;<\/p>\n\n\n\n<p>Tampoco se cuenta con personal de psiquiatr\u00eda.<\/p>\n\n\n\n<p>El Centro de Reinserci\u00f3n Femenil obtuvo una calificaci\u00f3n de 7.29 en el diagn\u00f3stico, en el que se evaluaron los derechos de integridad personal, estancia digna, condiciones&nbsp;de gobernabilidad, reinserci\u00f3n social y grupos en situaci\u00f3n de vulnerabilidad.<\/p>\n\n\n\n<p>El tambi\u00e9n llamado penal femenil se localiza en el municipio de Escobedo al norte de la zona metropolitana de Monterrey, y entr\u00f3 en funciones luego de que se cerr\u00f3 el Penal del Topo Chico en 2019.&nbsp;<\/p>\n","protected":false},"excerpt":{"rendered":"<p>Walter Elizondo Monterrey &#8211; El centro penitenciario femenil de Nuevo Le\u00f3n carece de programas para la desintoxicaci\u00f3n voluntaria y tratamiento de adicciones, alert\u00f3 la Comisi\u00f3n Estatal de Derechos Humanos. Explica en un documento que el 68 por ciento de las mujeres privadas de la libertad que se encuentran en el Centro de Reinserci\u00f3n Femenil del [&hellip;]<\/p>\n","protected":false},"author":1,"featured_media":69599,"comment_status":"open","ping_status":"open","sticky":true,"template":"","format":"standard","meta":{"footnotes":""},"categories":[6,3],"tags":[],"_links":{"self":[{"href":"https:\/\/diariodigitalmx.com\/index.php\/wp-json\/wp\/v2\/posts\/69595"}],"collection":[{"href":"https:\/\/diariodigitalmx.com\/index.php\/wp-json\/wp\/v2\/posts"}],"about":[{"href":"https:\/\/diariodigitalmx.com\/index.php\/wp-json\/wp\/v2\/types\/post"}],"author":[{"embeddable":true,"href":"https:\/\/diariodigitalmx.com\/index.php\/wp-json\/wp\/v2\/users\/1"}],"replies":[{"embeddable":true,"href":"https:\/\/diariodigitalmx.com\/index.php\/wp-json\/wp\/v2\/comments?post=69595"}],"version-history":[{"count":5,"href":"https:\/\/diariodigitalmx.com\/index.php\/wp-json\/wp\/v2\/posts\/69595\/revisions"}],"predecessor-version":[{"id":69603,"href":"https:\/\/diariodigitalmx.com\/index.php\/wp-json\/wp\/v2\/posts\/69595\/revisions\/69603"}],"wp:featuredmedia":[{"embeddable":true,"href":"https:\/\/diariodigitalmx.com\/index.php\/wp-json\/wp\/v2\/media\/69599"}],"wp:attachment":[{"href":"https:\/\/diariodigitalmx.com\/index.php\/wp-json\/wp\/v2\/media?parent=69595"}],"wp:term":[{"taxonomy":"category","embeddable":true,"href":"https:\/\/diariodigitalmx.com\/index.php\/wp-json\/wp\/v2\/categories?post=69595"},{"taxonomy":"post_tag","embeddable":true,"href":"https:\/\/diariodigitalmx.com\/index.php\/wp-json\/wp\/v2\/tags?post=69595"}],"curies":[{"name":"wp","href":"https:\/\/api.w.org\/{rel}","templated":true}]}}