{"id":69610,"date":"2022-01-10T01:10:17","date_gmt":"2022-01-10T07:10:17","guid":{"rendered":"http:\/\/diariodigitalmx.com\/?p=69610"},"modified":"2022-01-10T01:11:04","modified_gmt":"2022-01-10T07:11:04","slug":"americo-y-tamaulipas","status":"publish","type":"post","link":"https:\/\/diariodigitalmx.com\/index.php\/2022\/01\/10\/americo-y-tamaulipas\/","title":{"rendered":"Am\u00e9rico y Tamaulipas"},"content":{"rendered":"\n<p>Por Rogelio Romero<\/p>\n\n\n\n<p>La cortina de humo que intentaron vendernos algunos columnistas tamaulipecos que vociferaban a los cuatro vientos que Rodolfo Gonz\u00e1lez Valderrama, ser\u00eda el precandidato morenista a la gubernatura tamaulipeca cay\u00f3 por su propio peso.<\/p>\n\n\n\n<p>Valderrama no apareci\u00f3 siquiera entre los tres punteros finales de las encuestas de Morena, y como planteaba la l\u00f3gica pol\u00edtica nacional desde el principio, fue el senador federal Am\u00e9rico Villarreal Guerra el ganador.<\/p>\n\n\n\n<p>Pasada la efervescencia pol\u00edtica morenista interna ahora comienza el verdadero trabajo pol\u00edtico para Villarreal Guerra; Recorrer el estado para conocer las principales demandas de los tamaulipecos entre ellas la grave inseguridad p\u00fablica, el fracaso del modelo panista para impulsar una verdadera econom\u00eda de crecimiento y desarrollo social, adem\u00e1s de proponer soluciones a la falta de empleo en las zonas rurales del estado.<\/p>\n\n\n\n<p>Am\u00e9rico sabe los retos que enfrentar\u00e1 si es electo gobernador de Tamaulipas, y sobre todo, como la regi\u00f3n centro-sur de la entidad&nbsp; requiere&nbsp; de un desarrollo econ\u00f3mico m\u00e1s acorde con su realidad.<\/p>\n\n\n\n<p>Pero a su vez si el voto le favorece este 2022, se espera que aplique una pol\u00edtica administrativa eficiente y crecimiento ordenado, pero que tambi\u00e9n destape toda la cloaca de corrupci\u00f3n que han dejado las administraciones pasadas.<\/p>\n\n\n\n<p>La pregunta para Am\u00e9rico Villareal si es electo gobernador de Tamaulipas ser\u00eda \u00bfSi va a combatir al igual que el presidente Andr\u00e9s Manuel L\u00f3pez Obrador cuando lleg\u00f3 al poder en 2918, comenz\u00f3 a destapar y corregir toda la corrupci\u00f3n dentro de la administraci\u00f3n federal que le hered\u00f3 el gobierno de Enrique Pe\u00f1a Nieto?.<\/p>\n\n\n\n<p>No nos sorprendamos si en los primeros d\u00edas de&nbsp; la administraci\u00f3n morenista (si ganan las elecciones en Tamaulipas) se ordenan auditor\u00edas, revisi\u00f3n de contratos o acuerdos&nbsp; con entidades financieras o el funcionamiento de fideicomisos, esencia todo esto del&nbsp; actual accionar de la a\u00fan gobernante burocracia panista.<\/p>\n","protected":false},"excerpt":{"rendered":"<p>Por Rogelio Romero La cortina de humo que intentaron vendernos algunos columnistas tamaulipecos que vociferaban a los cuatro vientos que Rodolfo Gonz\u00e1lez Valderrama, ser\u00eda el precandidato morenista a la gubernatura tamaulipeca cay\u00f3 por su propio peso. Valderrama no apareci\u00f3 siquiera entre los tres punteros finales de las encuestas de Morena, y como planteaba la l\u00f3gica [&hellip;]<\/p>\n","protected":false},"author":1,"featured_media":69612,"comment_status":"open","ping_status":"open","sticky":true,"template":"","format":"standard","meta":{"footnotes":""},"categories":[14,19],"tags":[],"_links":{"self":[{"href":"https:\/\/diariodigitalmx.com\/index.php\/wp-json\/wp\/v2\/posts\/69610"}],"collection":[{"href":"https:\/\/diariodigitalmx.com\/index.php\/wp-json\/wp\/v2\/posts"}],"about":[{"href":"https:\/\/diariodigitalmx.com\/index.php\/wp-json\/wp\/v2\/types\/post"}],"author":[{"embeddable":true,"href":"https:\/\/diariodigitalmx.com\/index.php\/wp-json\/wp\/v2\/users\/1"}],"replies":[{"embeddable":true,"href":"https:\/\/diariodigitalmx.com\/index.php\/wp-json\/wp\/v2\/comments?post=69610"}],"version-history":[{"count":1,"href":"https:\/\/diariodigitalmx.com\/index.php\/wp-json\/wp\/v2\/posts\/69610\/revisions"}],"predecessor-version":[{"id":69611,"href":"https:\/\/diariodigitalmx.com\/index.php\/wp-json\/wp\/v2\/posts\/69610\/revisions\/69611"}],"wp:featuredmedia":[{"embeddable":true,"href":"https:\/\/diariodigitalmx.com\/index.php\/wp-json\/wp\/v2\/media\/69612"}],"wp:attachment":[{"href":"https:\/\/diariodigitalmx.com\/index.php\/wp-json\/wp\/v2\/media?parent=69610"}],"wp:term":[{"taxonomy":"category","embeddable":true,"href":"https:\/\/diariodigitalmx.com\/index.php\/wp-json\/wp\/v2\/categories?post=69610"},{"taxonomy":"post_tag","embeddable":true,"href":"https:\/\/diariodigitalmx.com\/index.php\/wp-json\/wp\/v2\/tags?post=69610"}],"curies":[{"name":"wp","href":"https:\/\/api.w.org\/{rel}","templated":true}]}}