{"id":69675,"date":"2022-01-10T19:48:09","date_gmt":"2022-01-11T01:48:09","guid":{"rendered":"http:\/\/diariodigitalmx.com\/?p=69675"},"modified":"2022-01-10T19:49:59","modified_gmt":"2022-01-11T01:49:59","slug":"tiene-covid-el-presidente-lopez","status":"publish","type":"post","link":"https:\/\/diariodigitalmx.com\/index.php\/2022\/01\/10\/tiene-covid-el-presidente-lopez\/","title":{"rendered":"Tiene Covid el presidente L\u00f3pez"},"content":{"rendered":"\n<p>A trav\u00e9s de su cuenta de Twitter el presidente Andr\u00e9s Manuel L\u00f3pez, inform\u00f3 que volvi\u00f3 a contagiarse de Covid-19.<\/p>\n\n\n\n<p>El 24 de enero de 2021, L\u00f3pez se contagi\u00f3 por primera vez del virus.&nbsp;<\/p>\n\n\n\n<p>&#8220;Informo a ustedes que estoy contagiado de #COVID19 y aunque los s\u00edntomas son leves, permanecer\u00e9 en aislamiento y solo realizar\u00e9 trabajo de oficina y me comunicar\u00e9 de manera virtual hasta salir adelante.&#8221; anunci\u00f3.<\/p>\n\n\n\n<figure class=\"wp-block-image size-large\"><img loading=\"lazy\" decoding=\"async\" width=\"794\" height=\"1024\" src=\"http:\/\/diariodigitalmx.com\/wp-content\/uploads\/2022\/01\/Screenshot_20220110_192250_com.android.chrome2-794x1024.jpg\" alt=\"\" class=\"wp-image-69678\" srcset=\"https:\/\/diariodigitalmx.com\/wp-content\/uploads\/2022\/01\/Screenshot_20220110_192250_com.android.chrome2-794x1024.jpg 794w, https:\/\/diariodigitalmx.com\/wp-content\/uploads\/2022\/01\/Screenshot_20220110_192250_com.android.chrome2-232x300.jpg 232w, https:\/\/diariodigitalmx.com\/wp-content\/uploads\/2022\/01\/Screenshot_20220110_192250_com.android.chrome2-768x991.jpg 768w, https:\/\/diariodigitalmx.com\/wp-content\/uploads\/2022\/01\/Screenshot_20220110_192250_com.android.chrome2.jpg 954w\" sizes=\"(max-width: 794px) 100vw, 794px\" \/><\/figure>\n\n\n\n<p>En la ma\u00f1anera se present\u00f3 con voz ronca y dijo que&nbsp; m\u00e1s tarde se har\u00eda la prueba para confirmar o descartar un posible contagio de coronavirus.<\/p>\n\n\n\n<p>\u201cS\u00ed, amanec\u00ed ronco, me voy a hacer la prueba m\u00e1s tarde pero yo creo que es gripe\u201d.<\/p>\n","protected":false},"excerpt":{"rendered":"<p>A trav\u00e9s de su cuenta de Twitter el presidente Andr\u00e9s Manuel L\u00f3pez, inform\u00f3 que volvi\u00f3 a contagiarse de Covid-19. El 24 de enero de 2021, L\u00f3pez se contagi\u00f3 por primera vez del virus.&nbsp; &#8220;Informo a ustedes que estoy contagiado de #COVID19 y aunque los s\u00edntomas son leves, permanecer\u00e9 en aislamiento y solo realizar\u00e9 trabajo de [&hellip;]<\/p>\n","protected":false},"author":1,"featured_media":69677,"comment_status":"open","ping_status":"open","sticky":true,"template":"","format":"standard","meta":{"footnotes":""},"categories":[2,3],"tags":[],"_links":{"self":[{"href":"https:\/\/diariodigitalmx.com\/index.php\/wp-json\/wp\/v2\/posts\/69675"}],"collection":[{"href":"https:\/\/diariodigitalmx.com\/index.php\/wp-json\/wp\/v2\/posts"}],"about":[{"href":"https:\/\/diariodigitalmx.com\/index.php\/wp-json\/wp\/v2\/types\/post"}],"author":[{"embeddable":true,"href":"https:\/\/diariodigitalmx.com\/index.php\/wp-json\/wp\/v2\/users\/1"}],"replies":[{"embeddable":true,"href":"https:\/\/diariodigitalmx.com\/index.php\/wp-json\/wp\/v2\/comments?post=69675"}],"version-history":[{"count":2,"href":"https:\/\/diariodigitalmx.com\/index.php\/wp-json\/wp\/v2\/posts\/69675\/revisions"}],"predecessor-version":[{"id":69679,"href":"https:\/\/diariodigitalmx.com\/index.php\/wp-json\/wp\/v2\/posts\/69675\/revisions\/69679"}],"wp:featuredmedia":[{"embeddable":true,"href":"https:\/\/diariodigitalmx.com\/index.php\/wp-json\/wp\/v2\/media\/69677"}],"wp:attachment":[{"href":"https:\/\/diariodigitalmx.com\/index.php\/wp-json\/wp\/v2\/media?parent=69675"}],"wp:term":[{"taxonomy":"category","embeddable":true,"href":"https:\/\/diariodigitalmx.com\/index.php\/wp-json\/wp\/v2\/categories?post=69675"},{"taxonomy":"post_tag","embeddable":true,"href":"https:\/\/diariodigitalmx.com\/index.php\/wp-json\/wp\/v2\/tags?post=69675"}],"curies":[{"name":"wp","href":"https:\/\/api.w.org\/{rel}","templated":true}]}}