{"id":69690,"date":"2022-01-11T08:46:19","date_gmt":"2022-01-11T14:46:19","guid":{"rendered":"http:\/\/diariodigitalmx.com\/?p=69690"},"modified":"2022-01-11T08:48:49","modified_gmt":"2022-01-11T14:48:49","slug":"duda-razonable","status":"publish","type":"post","link":"https:\/\/diariodigitalmx.com\/index.php\/2022\/01\/11\/duda-razonable\/","title":{"rendered":"Duda razonable. La parada obligada"},"content":{"rendered":"\n<p>Clara Villarreal<\/p>\n\n\n\n<p>El pasado lunes 27 de diciembre encontr\u00e9 en mi cuenta de Netflix en el carrete de sugerencias la miniserie mexicana \u201cDuda razonable\u201d, de Roberto Hern\u00e1ndez, quien expone las fragilidades del sistema de justicia mexicano. La miniserie de cuatro cap\u00edtulos con origen en Macuspana, Tabasco nos atrapa por completo en la historia de 4 protagonistas que son se\u00f1alados como secuestradores y, aunque para quienes vemos la miniserie, desde el inicio la evidencia demuestra claramente que son inocentes, los laberintos jur\u00eddicos y vac\u00edos legales los tienen con una pena inimaginable de a\u00f1os en la c\u00e1rcel. No quisiera dar m\u00e1s informaci\u00f3n ni hacer un \u201cspolier\u201d de la misma, pero estoy convencida que todos los mexicanos estamos obligados a verla. Ya que confieso que cuando termin\u00e9 de verla no pude dormir pensando en c\u00f3mo pudiera yo apoyar a los familiares de las v\u00edctimas. La impotencia, el coraje, la rabia y la tristeza sobrepasan cualquier l\u00edmite, como es posible que se pueda llegar a considerar si quiera que una persona puede ser torturada y sentenciada injustamente sin pruebas y levantando falsos. El ser humano est\u00e1 en todo&#8230; menos en lo relevante. La injusticia nos debe llevar a la acci\u00f3n; ya sea para apoyar al afectado, a su familia o incluso para promover alguna moci\u00f3n legal que nos permita evitar este tipo de abusos. Los vac\u00edos del cuerpo jur\u00eddico mexicano son una pel\u00edcula de terror aparte. Se han llevado a cabo algunas reformas que han otorgado celeridad a algunos procesos, pero lamentablemente por la presi\u00f3n de presentar \u201ccifras\u201d de ataque a la delincuencia y solo por cubrir agendas pol\u00edticas, es que hay muchos inocentes pagando deudas en c\u00e1rceles de m\u00e1xima seguridad y familias muri\u00e9ndose de la impotencia, la rabia y la desesperaci\u00f3n. En su \u00faltima conferencia de prensa del a\u00f1o; el 30 de diciembre de 2021, el presidente Andr\u00e9s Manuel L\u00f3pez Obrador, al t\u00e9rmino de su conferencia coment\u00f3 a los presentes: -\u201cMe tengo que ir\u201d, un periodista alz\u00f3 la voz insistentemente y el Presidente con prisa acept\u00f3 una \u00faltima pregunta. Confieso que cuando el reportero se puso de pie y comenz\u00f3 su inesperada pregunta mi piel se puso de gallina y mi coraz\u00f3n lati\u00f3 con mayor velocidad. -Se\u00f1or Presidente, recientemente la plataforma Netflix public\u00f3 un documental que se titula: \u201cDuda Razonable\u201d y as\u00ed continu\u00f3 la explicaci\u00f3n sobre el contenido y las m\u00faltiples injusticias que se transmiten en dicho documental y le plante\u00f3 que, en su facultad de presidente, se\u00f1ale a la Suprema Corte de Justicia que atraiga el caso para emitir una sentencia que corrija las fallas del sistema de tal modo que beneficie a las v\u00edctimas y a toda la poblaci\u00f3n mexicana. El presidente contest\u00f3: -Estoy enterado, no he visto la serie, pero s\u00ed estoy enterado, porque me lo acaba de plantear la gobernadora de Campeche, Layda Sansores y ella me pidi\u00f3 que intervini\u00e9ramos porque se considera una injusticia y propongo al secretario de Gobernaci\u00f3n Ad\u00e1n Augusto L\u00f3pez para que me represente y que haya justicia. Como dijo un Santo: -\u201cLa ley para el hombre, no el hombre para la ley\u201d. Hay que ayudar y se retir\u00f3 cerrado as\u00ed su \u00faltima conferencia de prensa del a\u00f1o. Voy a repetir una frase que dije anteriormente: El ser humano est\u00e1 en todo&#8230; menos en lo relevante. A ver si ya vamos poniendo m\u00e1s atenci\u00f3n a los asuntos de relevancia, que nos afectan a todos, y desarrollamos empat\u00eda, para encontrarnos como humanidad. M\u00e9xico es un pa\u00eds lleno de abundancia, donde vivimos y caminamos libremente a pesar de la pandemia, tenemos una naturaleza inigualable, con recursos ilimitados, con una gastronom\u00eda \u00fanica, somos un pueblo unido cuando nos lo proponemos. Testificar una injusticia como la de \u201cDuda razonable\u201d es algo que nos debe incomodar y activar a todos los mexicanos. Ver \u201cDuda Razonable\u201d es una parada obligada. No lo dudes y m\u00e9tele incomodidad a tu vida, porque por M\u00e9xico, lo vale. Twitter: @claravillarreal&nbsp;<\/p>\n\n\n\n<p>contacto@claravillarreal.com<\/p>\n","protected":false},"excerpt":{"rendered":"<p>Clara Villarreal El pasado lunes 27 de diciembre encontr\u00e9 en mi cuenta de Netflix en el carrete de sugerencias la miniserie mexicana \u201cDuda razonable\u201d, de Roberto Hern\u00e1ndez, quien expone las fragilidades del sistema de justicia mexicano. La miniserie de cuatro cap\u00edtulos con origen en Macuspana, Tabasco nos atrapa por completo en la historia de 4 [&hellip;]<\/p>\n","protected":false},"author":1,"featured_media":69693,"comment_status":"open","ping_status":"open","sticky":true,"template":"","format":"standard","meta":{"footnotes":""},"categories":[12,3],"tags":[],"_links":{"self":[{"href":"https:\/\/diariodigitalmx.com\/index.php\/wp-json\/wp\/v2\/posts\/69690"}],"collection":[{"href":"https:\/\/diariodigitalmx.com\/index.php\/wp-json\/wp\/v2\/posts"}],"about":[{"href":"https:\/\/diariodigitalmx.com\/index.php\/wp-json\/wp\/v2\/types\/post"}],"author":[{"embeddable":true,"href":"https:\/\/diariodigitalmx.com\/index.php\/wp-json\/wp\/v2\/users\/1"}],"replies":[{"embeddable":true,"href":"https:\/\/diariodigitalmx.com\/index.php\/wp-json\/wp\/v2\/comments?post=69690"}],"version-history":[{"count":3,"href":"https:\/\/diariodigitalmx.com\/index.php\/wp-json\/wp\/v2\/posts\/69690\/revisions"}],"predecessor-version":[{"id":69694,"href":"https:\/\/diariodigitalmx.com\/index.php\/wp-json\/wp\/v2\/posts\/69690\/revisions\/69694"}],"wp:featuredmedia":[{"embeddable":true,"href":"https:\/\/diariodigitalmx.com\/index.php\/wp-json\/wp\/v2\/media\/69693"}],"wp:attachment":[{"href":"https:\/\/diariodigitalmx.com\/index.php\/wp-json\/wp\/v2\/media?parent=69690"}],"wp:term":[{"taxonomy":"category","embeddable":true,"href":"https:\/\/diariodigitalmx.com\/index.php\/wp-json\/wp\/v2\/categories?post=69690"},{"taxonomy":"post_tag","embeddable":true,"href":"https:\/\/diariodigitalmx.com\/index.php\/wp-json\/wp\/v2\/tags?post=69690"}],"curies":[{"name":"wp","href":"https:\/\/api.w.org\/{rel}","templated":true}]}}