{"id":69731,"date":"2022-01-11T23:32:15","date_gmt":"2022-01-12T05:32:15","guid":{"rendered":"http:\/\/diariodigitalmx.com\/?p=69731"},"modified":"2022-01-11T23:36:46","modified_gmt":"2022-01-12T05:36:46","slug":"muere-tomas-mojarro-escritor-y-periodista","status":"publish","type":"post","link":"https:\/\/diariodigitalmx.com\/index.php\/2022\/01\/11\/muere-tomas-mojarro-escritor-y-periodista\/","title":{"rendered":"Muere Tom\u00e1s Mojarro, escritor y periodista"},"content":{"rendered":"\n<p>CDMX- Falleci\u00f3 a los 89 a\u00f1os Tom\u00e1s Mojarro Medina, escritor, periodista, conductor y actor de cine.<\/p>\n\n\n\n<p>Tambi\u00e9n fue conductor del programa semanal Domingo 6 en Radio UNAM y en su legado period\u00edstico destacan colaboraciones en revistas, diarios y su participaci\u00f3n en la radio&nbsp;&nbsp;<\/p>\n\n\n\n<p>Estudi\u00f3 filosof\u00eda y teolog\u00eda en el Seminario Conciliar de Quer\u00e9taro, sin concluir, y Filosof\u00eda y Letras en Guadalajara. Inspirado en La familia Burr\u00f3n, de Gabriel Vargas, cre\u00f3 su propia galer\u00eda de personajes para las historietas de El Valedor, que se publicaron de 1988 a 1989, donde \u00e9l mismo aparece representado.<\/p>\n\n\n\n<p>En El Valedor, el maestro\u00a0 zacatecano muestra la corrupci\u00f3n del pol\u00edtico, del funcionario p\u00fablico, del polic\u00eda, de los bur\u00f3cratas y del ciudadano com\u00fan, todos bajo el espejo del c\u00f3mic.<\/p>\n\n\n\n<figure class=\"wp-block-image size-large\"><img loading=\"lazy\" decoding=\"async\" width=\"937\" height=\"798\" src=\"http:\/\/diariodigitalmx.com\/wp-content\/uploads\/2022\/01\/Screenshot_20220111-2329192.png\" alt=\"\" class=\"wp-image-69736\" srcset=\"https:\/\/diariodigitalmx.com\/wp-content\/uploads\/2022\/01\/Screenshot_20220111-2329192.png 937w, https:\/\/diariodigitalmx.com\/wp-content\/uploads\/2022\/01\/Screenshot_20220111-2329192-300x255.png 300w, https:\/\/diariodigitalmx.com\/wp-content\/uploads\/2022\/01\/Screenshot_20220111-2329192-768x654.png 768w\" sizes=\"(max-width: 937px) 100vw, 937px\" \/><\/figure>\n\n\n\n<p>Tambi\u00e9n fue conductor y colaborador en el Canal Once del Instituto Polit\u00e9cnico Nacional, y Radio Universidad Nacional Aut\u00f3noma de M\u00e9xico, adem\u00e1s de profesor en el Centro Universitario de Teatro (CUT).<\/p>\n\n\n\n<figure class=\"wp-block-image size-large\"><img loading=\"lazy\" decoding=\"async\" width=\"918\" height=\"972\" src=\"http:\/\/diariodigitalmx.com\/wp-content\/uploads\/2022\/01\/Screenshot_20220111-2329292.png\" alt=\"\" class=\"wp-image-69738\" srcset=\"https:\/\/diariodigitalmx.com\/wp-content\/uploads\/2022\/01\/Screenshot_20220111-2329292.png 918w, https:\/\/diariodigitalmx.com\/wp-content\/uploads\/2022\/01\/Screenshot_20220111-2329292-283x300.png 283w, https:\/\/diariodigitalmx.com\/wp-content\/uploads\/2022\/01\/Screenshot_20220111-2329292-768x813.png 768w\" sizes=\"(max-width: 918px) 100vw, 918px\" \/><\/figure>\n\n\n\n<p>Fue becario de El Colegio de M\u00e9xico (COLMEX), de 1958 a 1959, y del Centro Mexicano de Escritores, en narrativa, de 1959 a 1961. Colabor\u00f3 en Summa, Etc\u00e9tera, Revista de la Universidad de M\u00e9xico, Revista Mexicana de Literatura, El Sol de M\u00e9xico, Unom\u00e1suno y en peri\u00f3dicos de provincia.<\/p>\n\n\n\n<p>Destacan entre sus libros de cuento \u201cCa\u00f1\u00f3n de Juchipila\u201d y \u201dYo el valedor y el Jer\u00e1simo\u201d. Descanse en paz\u201d.<\/p>\n","protected":false},"excerpt":{"rendered":"<p>CDMX- Falleci\u00f3 a los 89 a\u00f1os Tom\u00e1s Mojarro Medina, escritor, periodista, conductor y actor de cine. Tambi\u00e9n fue conductor del programa semanal Domingo 6 en Radio UNAM y en su legado period\u00edstico destacan colaboraciones en revistas, diarios y su participaci\u00f3n en la radio&nbsp;&nbsp; Estudi\u00f3 filosof\u00eda y teolog\u00eda en el Seminario Conciliar de Quer\u00e9taro, sin concluir, [&hellip;]<\/p>\n","protected":false},"author":1,"featured_media":69733,"comment_status":"open","ping_status":"open","sticky":true,"template":"","format":"standard","meta":{"footnotes":""},"categories":[11,14],"tags":[],"_links":{"self":[{"href":"https:\/\/diariodigitalmx.com\/index.php\/wp-json\/wp\/v2\/posts\/69731"}],"collection":[{"href":"https:\/\/diariodigitalmx.com\/index.php\/wp-json\/wp\/v2\/posts"}],"about":[{"href":"https:\/\/diariodigitalmx.com\/index.php\/wp-json\/wp\/v2\/types\/post"}],"author":[{"embeddable":true,"href":"https:\/\/diariodigitalmx.com\/index.php\/wp-json\/wp\/v2\/users\/1"}],"replies":[{"embeddable":true,"href":"https:\/\/diariodigitalmx.com\/index.php\/wp-json\/wp\/v2\/comments?post=69731"}],"version-history":[{"count":3,"href":"https:\/\/diariodigitalmx.com\/index.php\/wp-json\/wp\/v2\/posts\/69731\/revisions"}],"predecessor-version":[{"id":69739,"href":"https:\/\/diariodigitalmx.com\/index.php\/wp-json\/wp\/v2\/posts\/69731\/revisions\/69739"}],"wp:featuredmedia":[{"embeddable":true,"href":"https:\/\/diariodigitalmx.com\/index.php\/wp-json\/wp\/v2\/media\/69733"}],"wp:attachment":[{"href":"https:\/\/diariodigitalmx.com\/index.php\/wp-json\/wp\/v2\/media?parent=69731"}],"wp:term":[{"taxonomy":"category","embeddable":true,"href":"https:\/\/diariodigitalmx.com\/index.php\/wp-json\/wp\/v2\/categories?post=69731"},{"taxonomy":"post_tag","embeddable":true,"href":"https:\/\/diariodigitalmx.com\/index.php\/wp-json\/wp\/v2\/tags?post=69731"}],"curies":[{"name":"wp","href":"https:\/\/api.w.org\/{rel}","templated":true}]}}