{"id":69740,"date":"2022-01-12T07:50:04","date_gmt":"2022-01-12T13:50:04","guid":{"rendered":"http:\/\/diariodigitalmx.com\/?p=69740"},"modified":"2022-01-12T07:53:00","modified_gmt":"2022-01-12T13:53:00","slug":"de-frente-y-de-perfil-57","status":"publish","type":"post","link":"https:\/\/diariodigitalmx.com\/index.php\/2022\/01\/12\/de-frente-y-de-perfil-57\/","title":{"rendered":"De frente y de perfil"},"content":{"rendered":"\n<p>Ram\u00f3n Zurita Sahag\u00fan <\/p>\n\n\n\n<p>Una ma\u00f1anera distinta<\/p>\n\n\n\n<p>La tan acostumbrada ma\u00f1anera que, de lunes a viernes y en ocasiones especiales, produce el Presidente de la Rep\u00fablica tuvo en esta ocasi\u00f3n un sabor distinto, causado por la ausencia del Ejecutivo federal que dio positivo a COVID nuevamente.<br>Fue hace un a\u00f1o cuando Andr\u00e9s Manuel L\u00f3pez Obrador fue capturado por el virus y ante la emergencia intervino la entonces secretaria de Gobernaci\u00f3n, Olga S\u00e1nchez Cordero. En esta ocasi\u00f3n el Presidente fue invadido nuevamente por el bicho, pero no fue la ahora presidenta del Senado de la Rep\u00fablica, la que ocup\u00f3 el sitio, sino el nuevo secretario de Gobernaci\u00f3n, Ad\u00e1n Augusto L\u00f3pez Hern\u00e1ndez.<br>La designaci\u00f3n del tambi\u00e9n gobernador con licencia de Tabasco caus\u00f3 curiosidad y morbo, sobre todo por ver su desempe\u00f1o como emergente ante una circunstancia de esta naturaleza.<br>Y es que Ad\u00e1n Augusto es visto como uno de los aspirantes que contender\u00e1n por la candidatura presidencial de MORENA.<br>El secretario de Gobernaci\u00f3n no ha sido envuelto en el mismo paquete en el que el Ejecutivo federal situ\u00f3 a siete de sus colaboradores, ya que entonces fung\u00eda como gobernador de Tabasco, cargo al que solicit\u00f3 licencia para desempe\u00f1arse como secretario de Gobernaci\u00f3n.<br>En los meses que han transcurrido desde entonces el nuevo titular de la pol\u00edtica interna del pa\u00eds ha mostrado empaque y conocimiento, d\u00e1ndole a la dependencia un rumbo distinto del que ten\u00eda y sin tanta exposici\u00f3n.<br>Por esa funcionalidad mostrada es que algunos lo ubican como un apto prospecto para disputar la nominaci\u00f3n presidencial y situarse dentro del grupo potencial de aspirantes con posibilidades reales.<br>Y es que para que compita en igualdad de circunstancias, el secretario de Gobernaci\u00f3n debe contar con un mayor conocimiento por parte de la poblaci\u00f3n y la ma\u00f1anera es el sitio id\u00f3neo para mostrar sus cualidades, su capacidad y destreza en el arte de la pol\u00edtica.<br>Claro que eso no significa que ocupar\u00e1 el espacio de la ma\u00f1anera para detonar su popularidad, ya que el espacio diario lo ocupa el Presidente de la Rep\u00fablica y la realidad es que su presencia en cada una de ellas le da ese estilo propio de gobernar que tiene L\u00f3pez Obrador.<br>Sin embargo, ver a L\u00f3pez Hern\u00e1ndez como una opci\u00f3n real es algo que no debe verse como ajeno, ya que de los colaboradores que nombr\u00f3 el Ejecutivo federal con posibilidades, varios de ellos se desinflaron y hoy no son tomados en cuenta por casi nadie.<br>Roc\u00edo Nahle y Tatiana Clouthier. Secretarias de Energ\u00eda y Econom\u00eda, respectivamente, no han crecido lo suficiente para entrar en la contienda, mientras que Esteban Moctezuma dej\u00f3 la secretar\u00eda de Educaci\u00f3n y fue enviado como Embajador de M\u00e9xico ante el gobierno de Estados Unidos. Juan Ram\u00f3n de la Fuente desempe\u00f1a un atinado papel como representante mexicano ante la ONU y preside el Consejo de Seguridad.<br>En realidad, la baraja presidencial se reduce a tres hombres y una mujer. Claudia Sheinbaum, marcada como favorita por muchos, Marcelo Ebrard, el otro de la baraja original y los otros que se han venido posicionando Ricardo Monreal y Ad\u00e1n Augusto L\u00f3pez.<br>Por lo pronto, la ma\u00f1anera y su presencia en ella durante la semana, es un buen centro de exposici\u00f3n para el secretario de Gobernaci\u00f3n que deber\u00e1 mantener ese empaque mostrado y que se encuentra listo para cualquier tipo de contingencia.<br>\u2026\u2026\u2026\u2026\u2026\u2026..<br>El regreso del COVID en el cuerpo del Presidente L\u00f3pez Obrador no fue obst\u00e1culo para que siga desempe\u00f1ando su funci\u00f3n, aunque no sea de manera presencial, ya que su estado de salud es satisfactorio. AMLO anunci\u00f3 nuevos cambios en su gabinete entre los que se encuentran la salida del titular de Bienestar, Javier May, quien fue cambiado a FONATUR, mientras que Rogelio Jim\u00e9nez Pons pas\u00f3 a la subsecretar\u00eda de Transportes y Carlos Mor\u00e1n que ocupaba ese cargo es el nuevo director del aeropuerto de la Ciudad de M\u00e9xico. Hay una nueva secretaria en Bienestar y es Ariadna Montiel, quien se desempe\u00f1aba en la misma dependencia como subsecretaria. Mar\u00eda del Roc\u00edo Garc\u00eda ocupa la vacante de subsecretaria en Bienestar.<\/p>\n\n\n\n<p>Email: ramonzurita44@hotmail.com<\/p>\n","protected":false},"excerpt":{"rendered":"<p>Ram\u00f3n Zurita Sahag\u00fan Una ma\u00f1anera distinta La tan acostumbrada ma\u00f1anera que, de lunes a viernes y en ocasiones especiales, produce el Presidente de la Rep\u00fablica tuvo en esta ocasi\u00f3n un sabor distinto, causado por la ausencia del Ejecutivo federal que dio positivo a COVID nuevamente.Fue hace un a\u00f1o cuando Andr\u00e9s Manuel L\u00f3pez Obrador fue capturado [&hellip;]<\/p>\n","protected":false},"author":1,"featured_media":69744,"comment_status":"open","ping_status":"open","sticky":true,"template":"","format":"standard","meta":{"footnotes":""},"categories":[14,12],"tags":[],"_links":{"self":[{"href":"https:\/\/diariodigitalmx.com\/index.php\/wp-json\/wp\/v2\/posts\/69740"}],"collection":[{"href":"https:\/\/diariodigitalmx.com\/index.php\/wp-json\/wp\/v2\/posts"}],"about":[{"href":"https:\/\/diariodigitalmx.com\/index.php\/wp-json\/wp\/v2\/types\/post"}],"author":[{"embeddable":true,"href":"https:\/\/diariodigitalmx.com\/index.php\/wp-json\/wp\/v2\/users\/1"}],"replies":[{"embeddable":true,"href":"https:\/\/diariodigitalmx.com\/index.php\/wp-json\/wp\/v2\/comments?post=69740"}],"version-history":[{"count":2,"href":"https:\/\/diariodigitalmx.com\/index.php\/wp-json\/wp\/v2\/posts\/69740\/revisions"}],"predecessor-version":[{"id":69743,"href":"https:\/\/diariodigitalmx.com\/index.php\/wp-json\/wp\/v2\/posts\/69740\/revisions\/69743"}],"wp:featuredmedia":[{"embeddable":true,"href":"https:\/\/diariodigitalmx.com\/index.php\/wp-json\/wp\/v2\/media\/69744"}],"wp:attachment":[{"href":"https:\/\/diariodigitalmx.com\/index.php\/wp-json\/wp\/v2\/media?parent=69740"}],"wp:term":[{"taxonomy":"category","embeddable":true,"href":"https:\/\/diariodigitalmx.com\/index.php\/wp-json\/wp\/v2\/categories?post=69740"},{"taxonomy":"post_tag","embeddable":true,"href":"https:\/\/diariodigitalmx.com\/index.php\/wp-json\/wp\/v2\/tags?post=69740"}],"curies":[{"name":"wp","href":"https:\/\/api.w.org\/{rel}","templated":true}]}}