{"id":69752,"date":"2022-01-12T08:47:54","date_gmt":"2022-01-12T14:47:54","guid":{"rendered":"http:\/\/diariodigitalmx.com\/?p=69752"},"modified":"2022-01-12T08:48:46","modified_gmt":"2022-01-12T14:48:46","slug":"agua-o-carreteras","status":"publish","type":"post","link":"https:\/\/diariodigitalmx.com\/index.php\/2022\/01\/12\/agua-o-carreteras\/","title":{"rendered":"Agua o carreteras"},"content":{"rendered":"\n<p>Por Salvador Hern\u00e1ndez <strong><em>LANDEROS<\/em><\/strong><\/p>\n\n\n\n<p>La verdad que s\u00ed es cierto lo que vox populi y, creyentes o no, decimos ante alguna calamidad de la naturaleza. <strong><em>\u201cEl hombre propone y Dios dispone\u201d.<\/em><\/strong><\/p>\n\n\n\n<p><strong><em>El sistema de distribuci\u00f3n del agua en NL estar\u00e1 a un nada de colapsarse si la ausencia de lluvias prolonga la sequ\u00eda que estamos padeciendo<\/em><\/strong>.<\/p>\n\n\n\n<p>De acuerdo a expertos en meteorolog\u00eda hidr\u00e1ulica, <strong><em>s\u00f3lo un milagroso cicl\u00f3n como el \u201cGilberto\u201d salvar\u00eda a los neoloneses del desabasto del vital l\u00edquido<\/em><\/strong>.<\/p>\n\n\n\n<p><strong><em>Las presas La Boca, El Cuchillo y Cerro Prieto ya est\u00e1n en su m\u00ednima capacidad de alerta <\/em><\/strong>y el panorama de lluvias fuertes, ni siquiera por asomo&nbsp;<\/p>\n\n\n\n<p>Y <strong><em>\u201cles guste o no\u201d,<\/em><\/strong> como dijo la esposa de Samuel Garc\u00eda al refutar que \u00e9l ser\u00eda el gobernador por seis a\u00f1os, <strong><em>ser\u00e1 \u00e9l quien tendr\u00e1 que modificar sus proyectos<\/em><\/strong>.<\/p>\n\n\n\n<p>El nuevo modelo gobernante anunci\u00f3, muy sobrado de recursos financieros<strong><em>, que en estos meses se reiniciar\u00eda la ampliaci\u00f3n de la carretera a Colombia.<\/em><\/strong><\/p>\n\n\n\n<p>Tambi\u00e9n que, en este mismo per\u00edodo, se aplicar\u00edan recursos para la continuaci\u00f3n de la carretera Interserrana y el anillo perif\u00e9rico, <strong><em>obras de suma importancia<\/em><\/strong>.<\/p>\n\n\n\n<p><strong><em>Otros proyectos que ya arrancaron y se empezar\u00edan a licitar en el primer trimestre del a\u00f1o, son las l\u00edneas 4 y 5 del Sistema Metro del Transport<\/em><\/strong>e.<\/p>\n\n\n\n<p>Otro proyecto sumado a la movilidad, que involucra la construcci\u00f3n de obra p\u00fablica, <strong><em>es la adquisici\u00f3n de 800 camiones de muy dudosa transacci\u00f3n.<\/em><\/strong><\/p>\n\n\n\n<p>Pero como siempre. <strong><em>\u201cEl hombre propone y la naturaleza dispone<\/em><\/strong>\u201d.&nbsp; <strong><em>Qu\u00e9 es urgente o importante<\/em><\/strong>.&nbsp; <strong><em>Gobierno propone carreteras y naturaleza no da agua.&nbsp;<\/em><\/strong><\/p>\n\n\n\n<p><strong><em>El panorama de lluvias no es nada alentador. No es temporada de ciclones y en abril empieza el calor<\/em><\/strong>. Qu\u00e9 hacer. <strong><em>\u00bfProcesamos con San Isidro Labrador?<\/em><\/strong><\/p>\n\n\n\n<p><a href=\"mailto:chavalolanderos@yahoo.com.mx\">chavalolanderos@yahoo.com.mx<\/a><\/p>\n","protected":false},"excerpt":{"rendered":"<p>Por Salvador Hern\u00e1ndez LANDEROS La verdad que s\u00ed es cierto lo que vox populi y, creyentes o no, decimos ante alguna calamidad de la naturaleza. \u201cEl hombre propone y Dios dispone\u201d. El sistema de distribuci\u00f3n del agua en NL estar\u00e1 a un nada de colapsarse si la ausencia de lluvias prolonga la sequ\u00eda que estamos [&hellip;]<\/p>\n","protected":false},"author":1,"featured_media":69754,"comment_status":"open","ping_status":"open","sticky":true,"template":"","format":"standard","meta":{"footnotes":""},"categories":[12,5],"tags":[],"_links":{"self":[{"href":"https:\/\/diariodigitalmx.com\/index.php\/wp-json\/wp\/v2\/posts\/69752"}],"collection":[{"href":"https:\/\/diariodigitalmx.com\/index.php\/wp-json\/wp\/v2\/posts"}],"about":[{"href":"https:\/\/diariodigitalmx.com\/index.php\/wp-json\/wp\/v2\/types\/post"}],"author":[{"embeddable":true,"href":"https:\/\/diariodigitalmx.com\/index.php\/wp-json\/wp\/v2\/users\/1"}],"replies":[{"embeddable":true,"href":"https:\/\/diariodigitalmx.com\/index.php\/wp-json\/wp\/v2\/comments?post=69752"}],"version-history":[{"count":1,"href":"https:\/\/diariodigitalmx.com\/index.php\/wp-json\/wp\/v2\/posts\/69752\/revisions"}],"predecessor-version":[{"id":69753,"href":"https:\/\/diariodigitalmx.com\/index.php\/wp-json\/wp\/v2\/posts\/69752\/revisions\/69753"}],"wp:featuredmedia":[{"embeddable":true,"href":"https:\/\/diariodigitalmx.com\/index.php\/wp-json\/wp\/v2\/media\/69754"}],"wp:attachment":[{"href":"https:\/\/diariodigitalmx.com\/index.php\/wp-json\/wp\/v2\/media?parent=69752"}],"wp:term":[{"taxonomy":"category","embeddable":true,"href":"https:\/\/diariodigitalmx.com\/index.php\/wp-json\/wp\/v2\/categories?post=69752"},{"taxonomy":"post_tag","embeddable":true,"href":"https:\/\/diariodigitalmx.com\/index.php\/wp-json\/wp\/v2\/tags?post=69752"}],"curies":[{"name":"wp","href":"https:\/\/api.w.org\/{rel}","templated":true}]}}