{"id":69758,"date":"2022-01-12T13:14:39","date_gmt":"2022-01-12T19:14:39","guid":{"rendered":"http:\/\/diariodigitalmx.com\/?p=69758"},"modified":"2022-01-12T13:18:33","modified_gmt":"2022-01-12T19:18:33","slug":"en-escobedo-se-protege-a-ninas-ninos-y-adolescentes","status":"publish","type":"post","link":"https:\/\/diariodigitalmx.com\/index.php\/2022\/01\/12\/en-escobedo-se-protege-a-ninas-ninos-y-adolescentes\/","title":{"rendered":"En Escobedo se protege a ni\u00f1as, ni\u00f1os y adolescentes"},"content":{"rendered":"\n<figure class=\"wp-block-video\"><video controls src=\"http:\/\/diariodigitalmx.com\/wp-content\/uploads\/2022\/01\/INSTALACION-DEL-SISTEMA-MUNICIPAL-DE-PROTECCION-INTEGRAL-DE-NINAS-NINOS-Y-ADOLECENTES-DE-ESCOBEDO-MEDIOS-ASPECTOS.mp4\"><\/video><\/figure>\n\n\n\n<p>Escobedo, NL- Para establecer instrumentos, pol\u00edticas p\u00fablicas, planes y acciones que garanticen los derechos de la ni\u00f1ez, el Gobierno de Escobedo instal\u00f3 el Sistema Municipal de Protecci\u00f3n de Ni\u00f1as, Ni\u00f1os y Adolescentes (SIPINNA).&nbsp;<\/p>\n\n\n\n<p>El Alcalde Andr\u00e9s Mijes Llovera, en conjunto con la presidenta del DIF Escobedo, Yesica Torres de Mijes, tom\u00f3 protesta a los integrantes de dicho \u00f3rgano, entre los que participan autoridades municipales y organizaciones de la sociedad civil.\u00a0<\/p>\n\n\n\n<figure class=\"wp-block-image size-large\"><img loading=\"lazy\" decoding=\"async\" width=\"1024\" height=\"683\" src=\"http:\/\/diariodigitalmx.com\/wp-content\/uploads\/2022\/01\/IMG_5313-1024x683.jpg\" alt=\"\" class=\"wp-image-69766\" srcset=\"https:\/\/diariodigitalmx.com\/wp-content\/uploads\/2022\/01\/IMG_5313-1024x683.jpg 1024w, https:\/\/diariodigitalmx.com\/wp-content\/uploads\/2022\/01\/IMG_5313-300x200.jpg 300w, https:\/\/diariodigitalmx.com\/wp-content\/uploads\/2022\/01\/IMG_5313-768x512.jpg 768w, https:\/\/diariodigitalmx.com\/wp-content\/uploads\/2022\/01\/IMG_5313-1536x1024.jpg 1536w, https:\/\/diariodigitalmx.com\/wp-content\/uploads\/2022\/01\/IMG_5313-2048x1365.jpg 2048w\" sizes=\"(max-width: 1024px) 100vw, 1024px\" \/><\/figure>\n\n\n\n<p>Adem\u00e1s, el acta constitutiva fue firmada por Mijes Llovera y por la Secretaria Ejecutiva del Sistema Estatal de Protecci\u00f3n Integral de Ni\u00f1as, Ni\u00f1os y Adolescentes, Ivette F\u00e1tima Mecott Rivera.&nbsp;&nbsp;&nbsp;<\/p>\n\n\n\n<p>Como Secretaria Ejecutiva del Sistema Municipal fue nombrada Anah\u00ed Marisol Gonz\u00e1lez Ruiz y Dalia Pi\u00f1a Silva fungir\u00e1 como Defensora Municipal de Protecci\u00f3n de Ni\u00f1as, Ni\u00f1os y Adolescentes.&nbsp;<\/p>\n\n\n\n<p>El edil reiter\u00f3 el compromiso con este sector de la poblaci\u00f3n y se\u00f1al\u00f3 que trabajar\u00e1n en coordinaci\u00f3n con las autoridades estatales y sociedad civil para el bienestar de los menores.&nbsp;<\/p>\n\n\n\n<p>\u201cEn Escobedo van a encontrar el eco, el trabajo, la perseverancia y la dedicaci\u00f3n de todos los funcionarios, debemos trabajar por las ni\u00f1as, ni\u00f1os y adolescentes que son el futuro de nuestro estado y de nuestro pa\u00eds.<\/p>\n\n\n\n<figure class=\"wp-block-image size-large\"><img loading=\"lazy\" decoding=\"async\" width=\"1024\" height=\"683\" src=\"http:\/\/diariodigitalmx.com\/wp-content\/uploads\/2022\/01\/IMG_5319-1024x683.jpg\" alt=\"\" class=\"wp-image-69768\" srcset=\"https:\/\/diariodigitalmx.com\/wp-content\/uploads\/2022\/01\/IMG_5319-1024x683.jpg 1024w, https:\/\/diariodigitalmx.com\/wp-content\/uploads\/2022\/01\/IMG_5319-300x200.jpg 300w, https:\/\/diariodigitalmx.com\/wp-content\/uploads\/2022\/01\/IMG_5319-768x512.jpg 768w, https:\/\/diariodigitalmx.com\/wp-content\/uploads\/2022\/01\/IMG_5319-1536x1024.jpg 1536w, https:\/\/diariodigitalmx.com\/wp-content\/uploads\/2022\/01\/IMG_5319-2048x1365.jpg 2048w\" sizes=\"(max-width: 1024px) 100vw, 1024px\" \/><\/figure>\n\n\n\n<p>Aqu\u00ed van a encontrar un aliado con trabajo coordinado, responsable e institucional en esta materia, vamos a impulsar tener buenas instalaciones, principalmente las que brindan servicios para todos ellos\u201d, dijo.&nbsp;<\/p>\n\n\n\n<p>Durante la instalaci\u00f3n tambi\u00e9n estuvo presente la directora del Sistema DIF Escobedo, Felipa Imelda Soria Mor\u00e1n.&nbsp;<\/p>\n","protected":false},"excerpt":{"rendered":"<p>Escobedo, NL- Para establecer instrumentos, pol\u00edticas p\u00fablicas, planes y acciones que garanticen los derechos de la ni\u00f1ez, el Gobierno de Escobedo instal\u00f3 el Sistema Municipal de Protecci\u00f3n de Ni\u00f1as, Ni\u00f1os y Adolescentes (SIPINNA).&nbsp; El Alcalde Andr\u00e9s Mijes Llovera, en conjunto con la presidenta del DIF Escobedo, Yesica Torres de Mijes, tom\u00f3 protesta a los integrantes [&hellip;]<\/p>\n","protected":false},"author":1,"featured_media":69760,"comment_status":"open","ping_status":"open","sticky":true,"template":"","format":"standard","meta":{"footnotes":""},"categories":[14,6],"tags":[],"_links":{"self":[{"href":"https:\/\/diariodigitalmx.com\/index.php\/wp-json\/wp\/v2\/posts\/69758"}],"collection":[{"href":"https:\/\/diariodigitalmx.com\/index.php\/wp-json\/wp\/v2\/posts"}],"about":[{"href":"https:\/\/diariodigitalmx.com\/index.php\/wp-json\/wp\/v2\/types\/post"}],"author":[{"embeddable":true,"href":"https:\/\/diariodigitalmx.com\/index.php\/wp-json\/wp\/v2\/users\/1"}],"replies":[{"embeddable":true,"href":"https:\/\/diariodigitalmx.com\/index.php\/wp-json\/wp\/v2\/comments?post=69758"}],"version-history":[{"count":5,"href":"https:\/\/diariodigitalmx.com\/index.php\/wp-json\/wp\/v2\/posts\/69758\/revisions"}],"predecessor-version":[{"id":69769,"href":"https:\/\/diariodigitalmx.com\/index.php\/wp-json\/wp\/v2\/posts\/69758\/revisions\/69769"}],"wp:featuredmedia":[{"embeddable":true,"href":"https:\/\/diariodigitalmx.com\/index.php\/wp-json\/wp\/v2\/media\/69760"}],"wp:attachment":[{"href":"https:\/\/diariodigitalmx.com\/index.php\/wp-json\/wp\/v2\/media?parent=69758"}],"wp:term":[{"taxonomy":"category","embeddable":true,"href":"https:\/\/diariodigitalmx.com\/index.php\/wp-json\/wp\/v2\/categories?post=69758"},{"taxonomy":"post_tag","embeddable":true,"href":"https:\/\/diariodigitalmx.com\/index.php\/wp-json\/wp\/v2\/tags?post=69758"}],"curies":[{"name":"wp","href":"https:\/\/api.w.org\/{rel}","templated":true}]}}