{"id":69777,"date":"2022-01-12T16:50:25","date_gmt":"2022-01-12T22:50:25","guid":{"rendered":"http:\/\/diariodigitalmx.com\/?p=69777"},"modified":"2022-01-12T16:51:01","modified_gmt":"2022-01-12T22:51:01","slug":"politica-y-gente-98","status":"publish","type":"post","link":"https:\/\/diariodigitalmx.com\/index.php\/2022\/01\/12\/politica-y-gente-98\/","title":{"rendered":"Pol\u00edtica y Gente"},"content":{"rendered":"\n<p>Por Pedro Garc\u00eda<\/p>\n\n\n\n<p>M\u00e9dicos especialistas en epidemias afirman que el Omicr\u00f3n contagiar\u00e1 a por lo menos la mitad de la poblaci\u00f3n mexicana y, seg\u00fan lo visto, dicha variante afecta en una gravedad parecida al resfriado com\u00fan, como lo experimenta en estos d\u00edas el presidente L\u00f3pez Obrador.<\/p>\n\n\n\n<p>En paralelo, resulta alentador que las farmac\u00e9uticas de alta tecnolog\u00eda de investigaci\u00f3n est\u00e9n encontrando terapias contra el Covid v\u00eda la f\u00f3rmula oral lo que facilitar\u00eda los tratamientos de las personas y la probabilidad de reducir de manera notable la incapacidad laboral.<\/p>\n\n\n\n<p>Las condiciones del Omicr\u00f3n tranquilizan porque significa que no habr\u00e1 necesidad de cancelar las actividades productivas, y habr\u00e1 posibilidades de que nuestra econom\u00eda mantenga una marcha m\u00e1s o menos hacia un crecimiento constante, aunque modesto.<\/p>\n\n\n\n<p>El crecimiento para este 2022 se estima en 3 por ciento, d\u00edgito nada despreciable si consideramos que el fen\u00f3meno econ\u00f3mico mundial trata de tomar el rumbo ascendente mientras se lucha contra el proceso acelerado de inflaci\u00f3n.<\/p>\n\n\n\n<p>El sostenimiento de una din\u00e1mica de crecimiento implica esfuerzos coordinados entre las naciones firmantes del T-MEC, en donde parecen recomendables acuerdos para formalizar la contrataci\u00f3n de mano de obra do-cu-men- ta- da, necesaria para sacar adelante la producci\u00f3n.<\/p>\n\n\n\n<p>El tema ya ha sido planteado por el presidente de M\u00e9xico, L\u00f3pez Obrador y estimamos que la iniciativa es oportuna, como una de las varias soluciones para conseguir el alza en el producto interno bruto de M\u00e9xico-Eu y Canad\u00e1.<\/p>\n\n\n\n<p>Ya dec\u00eda AMLO de la necesidad de fortalecer el bloque norteamericano para afianzarse como una zona econ\u00f3micamente competitiva, frente a \u2013por ejemplo- el gigante asi\u00e1tico: Rep\u00fablica Popular de China que aparece como un rival casi dominante del comercio mundial con Norteam\u00e9rica en calidad de \u201ccomparsa.\u201d<\/p>\n\n\n\n<p>En nuestro medio, consideramos que es indispensable fortalecernos mediante las inversiones, ambiente de confianza y transparencia en el uso de los recursos.<\/p>\n\n\n\n<p>Es importante la reciente reuni\u00f3n de trabajo entre el Consejo Coordinador Empresarial y el presidente L\u00f3pez Obrador de la que derivaron comentarios optimistas de voluntad pol\u00edtica para materializar los proyectos de la Iniciativa Privada, sector que se estar\u00eda convenciendo de las bondades de la Reforma El\u00e9ctrica, en caso de ser aprobada en el Congreso de la Uni\u00f3n en el sentido de que los recursos energ\u00e9ticos de usar\u00e1n para impulsar el desarrollo econ\u00f3mico del pa\u00eds.<\/p>\n","protected":false},"excerpt":{"rendered":"<p>Por Pedro Garc\u00eda M\u00e9dicos especialistas en epidemias afirman que el Omicr\u00f3n contagiar\u00e1 a por lo menos la mitad de la poblaci\u00f3n mexicana y, seg\u00fan lo visto, dicha variante afecta en una gravedad parecida al resfriado com\u00fan, como lo experimenta en estos d\u00edas el presidente L\u00f3pez Obrador. En paralelo, resulta alentador que las farmac\u00e9uticas de alta [&hellip;]<\/p>\n","protected":false},"author":1,"featured_media":69779,"comment_status":"open","ping_status":"open","sticky":true,"template":"","format":"standard","meta":{"footnotes":""},"categories":[12,5],"tags":[],"_links":{"self":[{"href":"https:\/\/diariodigitalmx.com\/index.php\/wp-json\/wp\/v2\/posts\/69777"}],"collection":[{"href":"https:\/\/diariodigitalmx.com\/index.php\/wp-json\/wp\/v2\/posts"}],"about":[{"href":"https:\/\/diariodigitalmx.com\/index.php\/wp-json\/wp\/v2\/types\/post"}],"author":[{"embeddable":true,"href":"https:\/\/diariodigitalmx.com\/index.php\/wp-json\/wp\/v2\/users\/1"}],"replies":[{"embeddable":true,"href":"https:\/\/diariodigitalmx.com\/index.php\/wp-json\/wp\/v2\/comments?post=69777"}],"version-history":[{"count":1,"href":"https:\/\/diariodigitalmx.com\/index.php\/wp-json\/wp\/v2\/posts\/69777\/revisions"}],"predecessor-version":[{"id":69778,"href":"https:\/\/diariodigitalmx.com\/index.php\/wp-json\/wp\/v2\/posts\/69777\/revisions\/69778"}],"wp:featuredmedia":[{"embeddable":true,"href":"https:\/\/diariodigitalmx.com\/index.php\/wp-json\/wp\/v2\/media\/69779"}],"wp:attachment":[{"href":"https:\/\/diariodigitalmx.com\/index.php\/wp-json\/wp\/v2\/media?parent=69777"}],"wp:term":[{"taxonomy":"category","embeddable":true,"href":"https:\/\/diariodigitalmx.com\/index.php\/wp-json\/wp\/v2\/categories?post=69777"},{"taxonomy":"post_tag","embeddable":true,"href":"https:\/\/diariodigitalmx.com\/index.php\/wp-json\/wp\/v2\/tags?post=69777"}],"curies":[{"name":"wp","href":"https:\/\/api.w.org\/{rel}","templated":true}]}}