{"id":69838,"date":"2022-01-13T23:42:52","date_gmt":"2022-01-14T05:42:52","guid":{"rendered":"http:\/\/diariodigitalmx.com\/?p=69838"},"modified":"2022-01-13T23:43:25","modified_gmt":"2022-01-14T05:43:25","slug":"arrestan-a-lider-ultraderechista-por-asalto-al-capitolio","status":"publish","type":"post","link":"https:\/\/diariodigitalmx.com\/index.php\/2022\/01\/13\/arrestan-a-lider-ultraderechista-por-asalto-al-capitolio\/","title":{"rendered":"Arrestan a l\u00edder ultraderechista por asalto al Capitolio"},"content":{"rendered":"\n<p><\/p>\n\n\n\n<p><strong>Por Rogelio Romero<\/strong><\/p>\n\n\n\n<p><strong>Estados Unidos.- El Departamento de Justicia inform\u00f3 que el lider del grupo ultraderechista Oath Keepers, Elmer Stewart Rhodes, fue arrestado y acusado&nbsp; bajo cargos de conspiraci\u00f3n sediciosa esto por ayudar a planificar el ataque al Capitolio ocurrido el 6 de enero del 2021.<\/strong><\/p>\n\n\n\n<p><strong>Stewart Rhodes de 56 a\u00f1os de edad, es originario de Texas, &nbsp;adem\u00e1s de que tambi\u00e9n fue arrestado as\u00ed como procesado por cargos similares Eduardo Vallejo de 66 a\u00f1os &nbsp;quien es originario de Arizona.<\/strong><\/p>\n\n\n\n<p><strong>En la acusaci\u00f3n que presentaron los fiscales federales tambi\u00e9n se menciona a otras 9 personas, que ya hab\u00edan sido acusadas de cargos relacionados a los violentos hechos ocurridos ese d\u00eda en la capital Washington, ahora al expediente de estas personas se agrega&nbsp; la acusaci\u00f3n de conspiraci\u00f3n.<\/strong><\/p>\n\n\n\n<p><strong>De acuerdo a la investigaci\u00f3n federal Rhodes y otros conspiradores, viajaron a Washington en la v\u00edspera de la transici\u00f3n pacifica del poder al inicio de enero del a\u00f1o pasado y. se comunicaron&nbsp; a trav\u00e9s de mensajes encriptados, esto para ayudar en la realizaci\u00f3n de la toma del Capitolio.<\/strong><\/p>\n\n\n\n<p><strong>A su vez tambi\u00e9n los mensajes que fueron enviados a&nbsp; trav\u00e9s de varias aplicaciones Rhodes y otros conspiradores hablaban de; preparar y movilizar a grupos de choque para &nbsp;participar as\u00ed como apoyar durante &nbsp;las violentas protestas que se suscitaron ese 6 de enero.<\/strong><\/p>\n\n\n\n<p><strong>Los conspiradores tambi\u00e9n hablaban de llevar armas y municiones, y reclutar a personas para que pertenecieran a la organizaci\u00f3n de ultraderecha.&nbsp;<\/strong><\/p>\n","protected":false},"excerpt":{"rendered":"<p>Por Rogelio Romero Estados Unidos.- El Departamento de Justicia inform\u00f3 que el lider del grupo ultraderechista Oath Keepers, Elmer Stewart Rhodes, fue arrestado y acusado&nbsp; bajo cargos de conspiraci\u00f3n sediciosa esto por ayudar a planificar el ataque al Capitolio ocurrido el 6 de enero del 2021. Stewart Rhodes de 56 a\u00f1os de edad, es originario [&hellip;]<\/p>\n","protected":false},"author":1,"featured_media":69840,"comment_status":"open","ping_status":"open","sticky":true,"template":"","format":"standard","meta":{"footnotes":""},"categories":[4,5],"tags":[],"_links":{"self":[{"href":"https:\/\/diariodigitalmx.com\/index.php\/wp-json\/wp\/v2\/posts\/69838"}],"collection":[{"href":"https:\/\/diariodigitalmx.com\/index.php\/wp-json\/wp\/v2\/posts"}],"about":[{"href":"https:\/\/diariodigitalmx.com\/index.php\/wp-json\/wp\/v2\/types\/post"}],"author":[{"embeddable":true,"href":"https:\/\/diariodigitalmx.com\/index.php\/wp-json\/wp\/v2\/users\/1"}],"replies":[{"embeddable":true,"href":"https:\/\/diariodigitalmx.com\/index.php\/wp-json\/wp\/v2\/comments?post=69838"}],"version-history":[{"count":1,"href":"https:\/\/diariodigitalmx.com\/index.php\/wp-json\/wp\/v2\/posts\/69838\/revisions"}],"predecessor-version":[{"id":69839,"href":"https:\/\/diariodigitalmx.com\/index.php\/wp-json\/wp\/v2\/posts\/69838\/revisions\/69839"}],"wp:featuredmedia":[{"embeddable":true,"href":"https:\/\/diariodigitalmx.com\/index.php\/wp-json\/wp\/v2\/media\/69840"}],"wp:attachment":[{"href":"https:\/\/diariodigitalmx.com\/index.php\/wp-json\/wp\/v2\/media?parent=69838"}],"wp:term":[{"taxonomy":"category","embeddable":true,"href":"https:\/\/diariodigitalmx.com\/index.php\/wp-json\/wp\/v2\/categories?post=69838"},{"taxonomy":"post_tag","embeddable":true,"href":"https:\/\/diariodigitalmx.com\/index.php\/wp-json\/wp\/v2\/tags?post=69838"}],"curies":[{"name":"wp","href":"https:\/\/api.w.org\/{rel}","templated":true}]}}