{"id":69858,"date":"2022-01-14T13:43:28","date_gmt":"2022-01-14T19:43:28","guid":{"rendered":"http:\/\/diariodigitalmx.com\/?p=69858"},"modified":"2022-01-14T13:46:22","modified_gmt":"2022-01-14T19:46:22","slug":"diputados-federales-del-pri-analizan-la-iniciativa-de-la-reforma-energetica-2021","status":"publish","type":"post","link":"https:\/\/diariodigitalmx.com\/index.php\/2022\/01\/14\/diputados-federales-del-pri-analizan-la-iniciativa-de-la-reforma-energetica-2021\/","title":{"rendered":"Diputados Federales del PRI analizan la iniciativa de la reforma energ\u00e9tica 2021"},"content":{"rendered":"\n<p><strong>*Se re\u00fanen en el marco del Parlamento Abierto<\/strong><\/p>\n\n\n\n<p>Monterrey &#8211; Diputados federales del PRI por Nuevo Le\u00f3n se reunieron esta ma\u00f1ana en la sede estatal del partido para analizar la reforma energ\u00e9tica que ser\u00e1 revisada y discutida en el pr\u00f3ximo per\u00edodo de sesiones del Congreso de la Uni\u00f3n.<\/p>\n\n\n\n<figure class=\"wp-block-image size-large\"><img loading=\"lazy\" decoding=\"async\" width=\"1024\" height=\"694\" src=\"http:\/\/diariodigitalmx.com\/wp-content\/uploads\/2022\/01\/Diputados-4-1024x694.jpg\" alt=\"\" class=\"wp-image-69861\" srcset=\"https:\/\/diariodigitalmx.com\/wp-content\/uploads\/2022\/01\/Diputados-4-1024x694.jpg 1024w, https:\/\/diariodigitalmx.com\/wp-content\/uploads\/2022\/01\/Diputados-4-300x203.jpg 300w, https:\/\/diariodigitalmx.com\/wp-content\/uploads\/2022\/01\/Diputados-4-768x521.jpg 768w, https:\/\/diariodigitalmx.com\/wp-content\/uploads\/2022\/01\/Diputados-4.jpg 1280w\" sizes=\"(max-width: 1024px) 100vw, 1024px\" \/><\/figure>\n\n\n\n<p>Los diputados Andr\u00e9s Garc\u00eda Ram\u00edrez, Karina Barr\u00f3n Perales, Marcela Guerra Castillo, Juan Espinosa Egu\u00eda y Mar\u00eda de Jes\u00fas Aguirre Maldonado fueron recibidos por el presidente del CDE del PRI y tambi\u00e9n diputado federal, Jos\u00e9 Luis Garza Ochoa.&nbsp;<\/p>\n\n\n\n<p>Garza Ochoa dijo que la militancia nacional priista y los mexicanos en general deben tener confianza en que los diputados federales tomar\u00e1n la mejor decisi\u00f3n en relaci\u00f3n con la reforma energ\u00e9tica.<\/p>\n\n\n\n<figure class=\"wp-block-image size-large\"><img loading=\"lazy\" decoding=\"async\" width=\"1024\" height=\"762\" src=\"http:\/\/diariodigitalmx.com\/wp-content\/uploads\/2022\/01\/Diputados-1-1024x762.jpg\" alt=\"\" class=\"wp-image-69863\" srcset=\"https:\/\/diariodigitalmx.com\/wp-content\/uploads\/2022\/01\/Diputados-1-1024x762.jpg 1024w, https:\/\/diariodigitalmx.com\/wp-content\/uploads\/2022\/01\/Diputados-1-300x223.jpg 300w, https:\/\/diariodigitalmx.com\/wp-content\/uploads\/2022\/01\/Diputados-1-768x571.jpg 768w, https:\/\/diariodigitalmx.com\/wp-content\/uploads\/2022\/01\/Diputados-1.jpg 1280w\" sizes=\"(max-width: 1024px) 100vw, 1024px\" \/><\/figure>\n\n\n\n<p>Asegur\u00f3 que en el PRI no se aprobar\u00e1 ninguna iniciativa que vulnere la competencia y las oportunidades.<\/p>\n\n\n\n<p>\u201cQueremos mejores tarifas y electricidad barata para los ciudadanos y para el sector productivo\u201d, agreg\u00f3.<\/p>\n\n\n\n<figure class=\"wp-block-image size-large\"><img loading=\"lazy\" decoding=\"async\" width=\"1024\" height=\"762\" src=\"http:\/\/diariodigitalmx.com\/wp-content\/uploads\/2022\/01\/Diputados-1-1-1024x762.jpg\" alt=\"\" class=\"wp-image-69866\" srcset=\"https:\/\/diariodigitalmx.com\/wp-content\/uploads\/2022\/01\/Diputados-1-1-1024x762.jpg 1024w, https:\/\/diariodigitalmx.com\/wp-content\/uploads\/2022\/01\/Diputados-1-1-300x223.jpg 300w, https:\/\/diariodigitalmx.com\/wp-content\/uploads\/2022\/01\/Diputados-1-1-768x571.jpg 768w, https:\/\/diariodigitalmx.com\/wp-content\/uploads\/2022\/01\/Diputados-1-1.jpg 1280w\" sizes=\"(max-width: 1024px) 100vw, 1024px\" \/><\/figure>\n\n\n\n<p>Los diputados federales priistas acordaron tomarse su tiempo para hacer el mejor an\u00e1lisis de la iniciativa, escuchar a expertos en la materia, realizar un estudio t\u00e9cnico y en base a toda la informaci\u00f3n tomar una decisi\u00f3n.<\/p>\n","protected":false},"excerpt":{"rendered":"<p>*Se re\u00fanen en el marco del Parlamento Abierto Monterrey &#8211; Diputados federales del PRI por Nuevo Le\u00f3n se reunieron esta ma\u00f1ana en la sede estatal del partido para analizar la reforma energ\u00e9tica que ser\u00e1 revisada y discutida en el pr\u00f3ximo per\u00edodo de sesiones del Congreso de la Uni\u00f3n. Los diputados Andr\u00e9s Garc\u00eda Ram\u00edrez, Karina Barr\u00f3n [&hellip;]<\/p>\n","protected":false},"author":1,"featured_media":69860,"comment_status":"open","ping_status":"open","sticky":true,"template":"","format":"standard","meta":{"footnotes":""},"categories":[6,3],"tags":[],"_links":{"self":[{"href":"https:\/\/diariodigitalmx.com\/index.php\/wp-json\/wp\/v2\/posts\/69858"}],"collection":[{"href":"https:\/\/diariodigitalmx.com\/index.php\/wp-json\/wp\/v2\/posts"}],"about":[{"href":"https:\/\/diariodigitalmx.com\/index.php\/wp-json\/wp\/v2\/types\/post"}],"author":[{"embeddable":true,"href":"https:\/\/diariodigitalmx.com\/index.php\/wp-json\/wp\/v2\/users\/1"}],"replies":[{"embeddable":true,"href":"https:\/\/diariodigitalmx.com\/index.php\/wp-json\/wp\/v2\/comments?post=69858"}],"version-history":[{"count":4,"href":"https:\/\/diariodigitalmx.com\/index.php\/wp-json\/wp\/v2\/posts\/69858\/revisions"}],"predecessor-version":[{"id":69867,"href":"https:\/\/diariodigitalmx.com\/index.php\/wp-json\/wp\/v2\/posts\/69858\/revisions\/69867"}],"wp:featuredmedia":[{"embeddable":true,"href":"https:\/\/diariodigitalmx.com\/index.php\/wp-json\/wp\/v2\/media\/69860"}],"wp:attachment":[{"href":"https:\/\/diariodigitalmx.com\/index.php\/wp-json\/wp\/v2\/media?parent=69858"}],"wp:term":[{"taxonomy":"category","embeddable":true,"href":"https:\/\/diariodigitalmx.com\/index.php\/wp-json\/wp\/v2\/categories?post=69858"},{"taxonomy":"post_tag","embeddable":true,"href":"https:\/\/diariodigitalmx.com\/index.php\/wp-json\/wp\/v2\/tags?post=69858"}],"curies":[{"name":"wp","href":"https:\/\/api.w.org\/{rel}","templated":true}]}}