{"id":69908,"date":"2022-01-16T20:21:10","date_gmt":"2022-01-17T02:21:10","guid":{"rendered":"http:\/\/diariodigitalmx.com\/?p=69908"},"modified":"2022-01-16T20:21:44","modified_gmt":"2022-01-17T02:21:44","slug":"el-estigma-de-emilio","status":"publish","type":"post","link":"https:\/\/diariodigitalmx.com\/index.php\/2022\/01\/16\/el-estigma-de-emilio\/","title":{"rendered":"El estigma de Emilio"},"content":{"rendered":"\n<p><\/p>\n\n\n\n<p>Por Salvador Hern\u00e1ndez <strong><em>LANDEROS<\/em><\/strong><\/p>\n\n\n\n<p>Emilio es un ni\u00f1o quien a\u00fan no cumple ni un a\u00f1o de edad y va a cargar con un estigma social<strong><em> a consecuencia de la insensatez de un gobernante y su esposa<\/em><\/strong>.<\/p>\n\n\n\n<p>Lo que hicieron Samuel Garc\u00eda y su esposa Mariana Rodr\u00edguez, <strong><em>es una ligereza m\u00e1s all\u00e1 de sus atribuciones como gobernador y funcionaria p\u00fablica<\/em><\/strong>.<\/p>\n\n\n\n<p>La pareja debe reflexionar que el cargo que ostentan exige responsabilidad en sus actos, <strong><em>en los que no tienen cabida la inmadurez ni la imprudencia<\/em><\/strong>.<\/p>\n\n\n\n<p>Pocos les pueden creer que lo hicieron por amor a la criatura. <strong><em>M\u00e1s bien se piensa que fue por esa calentura de permanecer en redes sociales y medios<\/em><\/strong>.<\/p>\n\n\n\n<p><strong><em>Lo que hicieron fue violar las leyes y reglamentos para la protecci\u00f3n de los derechos de menores; violaron la seguridad jur\u00eddica, psicol\u00f3gica y social<\/em><\/strong>.<\/p>\n\n\n\n<p>Ellos deben entender que en el Centro \u201cCapullos\u201d que, como el peque\u00f1o Emilio, <strong><em>hay muchos que desgraciadamente \u201cno tienen madre y menos abuela\u201d.<\/em><\/strong><\/p>\n\n\n\n<p>No es culpa de Emilio. <strong><em>Es de quien lo pari\u00f3 y quien ayud\u00f3 en su fecundaci\u00f3n. Un hombre y una mujer que desde\u00f1aron la bendici\u00f3n de ser padre y madre<\/em><\/strong>.<\/p>\n\n\n\n<p><strong><em>Con 10 meses de edad, Emilio ya qued\u00f3 estigmatizado por la desgraciada pol\u00edtica. Por causas diferentes hay ejemplos, como el hijo de JFK y de LDC<\/em><\/strong>.<\/p>\n\n\n\n<p>La pol\u00e9mica que causaron el gobernador y su esposa, <strong><em>debe hacerles entender que la funci\u00f3n que est\u00e1n ejerciendo no es el estar jugando a \u201clas comiditas\u201d.<\/em><\/strong>&nbsp;<\/p>\n\n\n\n<p><strong><em>Tampoco que estamos en \u201cDisneylandia, New New Lion\u201d. Que deje descasar a los menores de edad y no los use como pretexto para ir a vacunarse a EU<\/em><\/strong>.<\/p>\n\n\n\n<p>Ahora, que si en verdad les urge la paternidad, que prediquen con el ejemplo y adopten a Emilio. <strong><em>Eso si ser\u00eda una noticia de 8 columnas y reconocimiento<\/em><\/strong>.<\/p>\n\n\n\n<p><a href=\"mailto:Chavalolanderos@yahoo.com.mx\">Chavalolanderos@yahoo.com.mx<\/a>&nbsp;<\/p>\n","protected":false},"excerpt":{"rendered":"<p>Por Salvador Hern\u00e1ndez LANDEROS Emilio es un ni\u00f1o quien a\u00fan no cumple ni un a\u00f1o de edad y va a cargar con un estigma social a consecuencia de la insensatez de un gobernante y su esposa. Lo que hicieron Samuel Garc\u00eda y su esposa Mariana Rodr\u00edguez, es una ligereza m\u00e1s all\u00e1 de sus atribuciones como [&hellip;]<\/p>\n","protected":false},"author":1,"featured_media":69910,"comment_status":"open","ping_status":"open","sticky":true,"template":"","format":"standard","meta":{"footnotes":""},"categories":[12,3],"tags":[],"_links":{"self":[{"href":"https:\/\/diariodigitalmx.com\/index.php\/wp-json\/wp\/v2\/posts\/69908"}],"collection":[{"href":"https:\/\/diariodigitalmx.com\/index.php\/wp-json\/wp\/v2\/posts"}],"about":[{"href":"https:\/\/diariodigitalmx.com\/index.php\/wp-json\/wp\/v2\/types\/post"}],"author":[{"embeddable":true,"href":"https:\/\/diariodigitalmx.com\/index.php\/wp-json\/wp\/v2\/users\/1"}],"replies":[{"embeddable":true,"href":"https:\/\/diariodigitalmx.com\/index.php\/wp-json\/wp\/v2\/comments?post=69908"}],"version-history":[{"count":1,"href":"https:\/\/diariodigitalmx.com\/index.php\/wp-json\/wp\/v2\/posts\/69908\/revisions"}],"predecessor-version":[{"id":69909,"href":"https:\/\/diariodigitalmx.com\/index.php\/wp-json\/wp\/v2\/posts\/69908\/revisions\/69909"}],"wp:featuredmedia":[{"embeddable":true,"href":"https:\/\/diariodigitalmx.com\/index.php\/wp-json\/wp\/v2\/media\/69910"}],"wp:attachment":[{"href":"https:\/\/diariodigitalmx.com\/index.php\/wp-json\/wp\/v2\/media?parent=69908"}],"wp:term":[{"taxonomy":"category","embeddable":true,"href":"https:\/\/diariodigitalmx.com\/index.php\/wp-json\/wp\/v2\/categories?post=69908"},{"taxonomy":"post_tag","embeddable":true,"href":"https:\/\/diariodigitalmx.com\/index.php\/wp-json\/wp\/v2\/tags?post=69908"}],"curies":[{"name":"wp","href":"https:\/\/api.w.org\/{rel}","templated":true}]}}