{"id":69926,"date":"2022-01-17T17:04:01","date_gmt":"2022-01-17T23:04:01","guid":{"rendered":"http:\/\/diariodigitalmx.com\/?p=69926"},"modified":"2022-01-17T17:05:19","modified_gmt":"2022-01-17T23:05:19","slug":"inicia-derechos-humanos-queja-de-oficio-por-el-nino-que-saco-del-dif-mariana-rodriguez","status":"publish","type":"post","link":"https:\/\/diariodigitalmx.com\/index.php\/2022\/01\/17\/inicia-derechos-humanos-queja-de-oficio-por-el-nino-que-saco-del-dif-mariana-rodriguez\/","title":{"rendered":"Inicia Derechos Humanos queja de oficio por el ni\u00f1o que sac\u00f3 del DIF Mariana Rodr\u00edguez"},"content":{"rendered":"\n<p>Walter Elizondo <\/p>\n\n\n\n<p>Monterrey &#8211; La Comisi\u00f3n Estatal de Derechos Humanos inici\u00f3 una queja de oficio por la salida de un ni\u00f1o del DIF Capullos y que se llev\u00f3 la primera dama de Nuevo Le\u00f3n, Mariana Rodr\u00edguez.&nbsp;<\/p>\n\n\n\n<p>Rodr\u00edguez adopt\u00f3 un ni\u00f1o el fin de semana al que se lo llev\u00f3 a su casa, y ahora la Comisi\u00f3n Estatal de Derechos Humanos pidi\u00f3 garantizar el derecho a la intimidad y a la protecci\u00f3n de los datos personales de los menores de edad en el DIF.<\/p>\n\n\n\n<p>La CEDH busca conocer detalles del procedimiento aplicado por la dependencia estatal.<\/p>\n\n\n\n<figure class=\"wp-block-image size-large\"><img loading=\"lazy\" decoding=\"async\" width=\"1024\" height=\"682\" src=\"http:\/\/diariodigitalmx.com\/wp-content\/uploads\/2022\/01\/IMG-20220117-WA0013-1024x682.jpg\" alt=\"\" class=\"wp-image-69929\" srcset=\"https:\/\/diariodigitalmx.com\/wp-content\/uploads\/2022\/01\/IMG-20220117-WA0013-1024x682.jpg 1024w, https:\/\/diariodigitalmx.com\/wp-content\/uploads\/2022\/01\/IMG-20220117-WA0013-300x200.jpg 300w, https:\/\/diariodigitalmx.com\/wp-content\/uploads\/2022\/01\/IMG-20220117-WA0013-768x512.jpg 768w, https:\/\/diariodigitalmx.com\/wp-content\/uploads\/2022\/01\/IMG-20220117-WA0013.jpg 1280w\" sizes=\"(max-width: 1024px) 100vw, 1024px\" \/><\/figure>\n\n\n\n<p>La Comisi\u00f3n Estatal de Derechos Humanos emiti\u00f3 un exhorto al Sistema para el Desarrollo Integral de la Familia del Estado (DIF), derivado de la difusi\u00f3n de im\u00e1genes y videos de menores de edad que se encuentran ingresados y\/o en acogimiento residencial.<\/p>\n\n\n\n<p>El escrito, dirigido al Director del DIF, Miguel \u00c1ngel S\u00e1nchez Rivera, y se\u00f1ala que el inter\u00e9s&nbsp;<\/p>\n\n\n\n<p>superior de las ni\u00f1as, ni\u00f1os y adolescentes debe ser prioridad para las instituciones p\u00fablicas o privadas de bienestar social, tribunales, autoridades administrativas u \u00f3rganos legislativos, de acuerdo con el art\u00edculo 3 de la Convenci\u00f3n de los Derechos del Ni\u00f1o.<\/p>\n\n\n\n<p>La CEDHNL solicit\u00f3 a la dependencia estatal adoptar medidas pertinentes, tendentes a&nbsp;<\/p>\n\n\n\n<p>garantizar el derecho a la intimidad y a la protecci\u00f3n de los datos personales de los menores de edad que se encuentran en guardia y custodia del DIF<\/p>\n\n\n\n<p>.\u201cQue se implementen los mecanismos pertinentes para que todas las \u00e1reas a su cargo cumplan con la protecci\u00f3n de la imagen, privacidad e intimidad de los menores\u201d, mencion\u00f3 el exhorto, \u201cesto con el fin de prevenir posibles violaciones a derechos humanos de las ni\u00f1as, ni\u00f1os y adolescentes\u201d.<\/p>\n\n\n\n<p>\u201cQue se vigilen los procedimientos y formas de intervenci\u00f3n de las personas servidoras p\u00fablicas que atienden a ni\u00f1as, ni\u00f1os y adolescentes, espec\u00edficamente la Procuradur\u00eda de Protecci\u00f3n de Ni\u00f1as, Ni\u00f1os y Adolescentes, invariablemente observen el marco legal aplicable, a fin de garantizar el respeto a sus derechos humanos\u201d.<\/p>\n\n\n\n<p>Adem\u00e1s, la CEDHNL a\u00f1adi\u00f3 que deber\u00edan adoptar un Programa de Capacitaci\u00f3n para las personas servidoras p\u00fablicas que laboran directamente en espacios donde son&nbsp;<\/p>\n\n\n\n<p>atendidos los menores de edad, sobre el respeto a los derechos humanos.<\/p>\n\n\n\n<p>Rodr\u00edguez, que es titular de la oficina Amar a Nuevo Le\u00f3n se llev\u00f3 al ni\u00f1o y subi\u00f3 a sus redes sociales fotograf\u00edas, aunque sea esta de regreso en el DIF Capullos.&nbsp;<\/p>\n","protected":false},"excerpt":{"rendered":"<p>Walter Elizondo Monterrey &#8211; La Comisi\u00f3n Estatal de Derechos Humanos inici\u00f3 una queja de oficio por la salida de un ni\u00f1o del DIF Capullos y que se llev\u00f3 la primera dama de Nuevo Le\u00f3n, Mariana Rodr\u00edguez.&nbsp; Rodr\u00edguez adopt\u00f3 un ni\u00f1o el fin de semana al que se lo llev\u00f3 a su casa, y ahora la [&hellip;]<\/p>\n","protected":false},"author":1,"featured_media":69928,"comment_status":"open","ping_status":"open","sticky":true,"template":"","format":"standard","meta":{"footnotes":""},"categories":[6,3],"tags":[],"_links":{"self":[{"href":"https:\/\/diariodigitalmx.com\/index.php\/wp-json\/wp\/v2\/posts\/69926"}],"collection":[{"href":"https:\/\/diariodigitalmx.com\/index.php\/wp-json\/wp\/v2\/posts"}],"about":[{"href":"https:\/\/diariodigitalmx.com\/index.php\/wp-json\/wp\/v2\/types\/post"}],"author":[{"embeddable":true,"href":"https:\/\/diariodigitalmx.com\/index.php\/wp-json\/wp\/v2\/users\/1"}],"replies":[{"embeddable":true,"href":"https:\/\/diariodigitalmx.com\/index.php\/wp-json\/wp\/v2\/comments?post=69926"}],"version-history":[{"count":2,"href":"https:\/\/diariodigitalmx.com\/index.php\/wp-json\/wp\/v2\/posts\/69926\/revisions"}],"predecessor-version":[{"id":69930,"href":"https:\/\/diariodigitalmx.com\/index.php\/wp-json\/wp\/v2\/posts\/69926\/revisions\/69930"}],"wp:featuredmedia":[{"embeddable":true,"href":"https:\/\/diariodigitalmx.com\/index.php\/wp-json\/wp\/v2\/media\/69928"}],"wp:attachment":[{"href":"https:\/\/diariodigitalmx.com\/index.php\/wp-json\/wp\/v2\/media?parent=69926"}],"wp:term":[{"taxonomy":"category","embeddable":true,"href":"https:\/\/diariodigitalmx.com\/index.php\/wp-json\/wp\/v2\/categories?post=69926"},{"taxonomy":"post_tag","embeddable":true,"href":"https:\/\/diariodigitalmx.com\/index.php\/wp-json\/wp\/v2\/tags?post=69926"}],"curies":[{"name":"wp","href":"https:\/\/api.w.org\/{rel}","templated":true}]}}