{"id":69931,"date":"2022-01-17T19:58:06","date_gmt":"2022-01-18T01:58:06","guid":{"rendered":"http:\/\/diariodigitalmx.com\/?p=69931"},"modified":"2022-01-17T21:55:29","modified_gmt":"2022-01-18T03:55:29","slug":"se-que-sirven-3-doctorados","status":"publish","type":"post","link":"https:\/\/diariodigitalmx.com\/index.php\/2022\/01\/17\/se-que-sirven-3-doctorados\/","title":{"rendered":"De qu\u00e9 sirven 3 doctorados"},"content":{"rendered":"\n<p>Por Salvador Hern\u00e1ndez <strong><em>LANDEROS<\/em><\/strong><\/p>\n\n\n\n<p>De entre los miles de abogados que litigan y otros que representan a prestigiadas firmas y despachos<strong><em>, no habr\u00e1 uno con agallas para defender al ni\u00f1o Emilio<\/em><\/strong>.<\/p>\n\n\n\n<p><strong><em>Emilio es un ni\u00f1o de 10 meses, con una discapacidad, quien fue sustra\u00eddo por dos funcionarios p\u00fablicos del lugar donde estaba en custodia del Estado<\/em><\/strong>.<\/p>\n\n\n\n<p>Con o sin el permiso del director del Centro \u201cCapullos\u201d, <strong><em>se le vulneraron los derechos del ni\u00f1o y el Estado, a alguien, le debe fincar una responsabilidad<\/em><\/strong>.<\/p>\n\n\n\n<p><strong><em>\u201c<\/em><\/strong>El funcionario p\u00fablico que sustrajere o consintiere que otro sustraiga lo que se tiene a su cargo o responsabilidad, por raz\u00f3n de su funci\u00f3n debe ser castigado<strong><em>\u201d<\/em><\/strong>.<\/p>\n\n\n\n<p><strong><em>Eso est\u00e1 en la Ley y lo sabe cualquier profesionista con licenciatura en Derecho y, m\u00e1s a\u00fan, quien tiene tres doctorados, verbi gratia, el gobernador<\/em><\/strong>.<\/p>\n\n\n\n<p>Si este caso hubiese ocurrido durante el gobierno de Jaime Rodr\u00edguez, <strong><em>el Tri Doctor Samuel Garc\u00eda, ya estar\u00eda con los diputados exigiendo su renuncia.<\/em><\/strong><\/p>\n\n\n\n<p>Sustraer al menor de donde es custodiado, <strong><em>exponerlo en forma medi\u00e1tica, sin cubrir su rostro y nombre y regresarlo podr\u00eda<\/em><\/strong> equipararse a un secuestro.<\/p>\n\n\n\n<p><strong><em>El asunto se agrava, porque qui\u00e9n lo sustrajo, fue la misma quien lo debi\u00f3 proteger, esposa de abogado y con 3 doctorados que sirvieron para 3 cosas<\/em><\/strong>.<\/p>\n\n\n\n<p>La CEDH inici\u00f3 una dudosa queja de oficio para el DIF estatal, <strong><em>adem\u00e1s de un exhorto para evitar im\u00e1genes de los menores<\/em><\/strong>. \u00bf<strong><em>Qui\u00e9n tom\u00f3 las fotos a Emilio<\/em><\/strong>?<\/p>\n\n\n\n<p>D\u00f3nde est\u00e1n las diputadas del Congreso Local. <strong><em>La mayor\u00eda ya han tenido al menos un parto y saben lo que es ser madre, a menos que les valga igual.<\/em><\/strong><\/p>\n\n\n\n<p>Emilio, si Dios le permite vivir y llegar a los 18 a\u00f1os, va a crecer con el estigma de que fue un beb\u00e9 calificado como <strong><em>\u201cRey por un fin de semana promocional\u201d.<\/em><\/strong><\/p>\n\n\n\n<p><a href=\"mailto:chavalolanderos@yahoo.com.mx\"><strong><em>chavalolanderos@yahoo.com.mx<\/em><\/strong><\/a>&nbsp;<\/p>\n","protected":false},"excerpt":{"rendered":"<p>Por Salvador Hern\u00e1ndez LANDEROS De entre los miles de abogados que litigan y otros que representan a prestigiadas firmas y despachos, no habr\u00e1 uno con agallas para defender al ni\u00f1o Emilio. Emilio es un ni\u00f1o de 10 meses, con una discapacidad, quien fue sustra\u00eddo por dos funcionarios p\u00fablicos del lugar donde estaba en custodia del [&hellip;]<\/p>\n","protected":false},"author":1,"featured_media":69933,"comment_status":"open","ping_status":"open","sticky":true,"template":"","format":"standard","meta":{"footnotes":""},"categories":[12,3],"tags":[],"_links":{"self":[{"href":"https:\/\/diariodigitalmx.com\/index.php\/wp-json\/wp\/v2\/posts\/69931"}],"collection":[{"href":"https:\/\/diariodigitalmx.com\/index.php\/wp-json\/wp\/v2\/posts"}],"about":[{"href":"https:\/\/diariodigitalmx.com\/index.php\/wp-json\/wp\/v2\/types\/post"}],"author":[{"embeddable":true,"href":"https:\/\/diariodigitalmx.com\/index.php\/wp-json\/wp\/v2\/users\/1"}],"replies":[{"embeddable":true,"href":"https:\/\/diariodigitalmx.com\/index.php\/wp-json\/wp\/v2\/comments?post=69931"}],"version-history":[{"count":2,"href":"https:\/\/diariodigitalmx.com\/index.php\/wp-json\/wp\/v2\/posts\/69931\/revisions"}],"predecessor-version":[{"id":69939,"href":"https:\/\/diariodigitalmx.com\/index.php\/wp-json\/wp\/v2\/posts\/69931\/revisions\/69939"}],"wp:featuredmedia":[{"embeddable":true,"href":"https:\/\/diariodigitalmx.com\/index.php\/wp-json\/wp\/v2\/media\/69933"}],"wp:attachment":[{"href":"https:\/\/diariodigitalmx.com\/index.php\/wp-json\/wp\/v2\/media?parent=69931"}],"wp:term":[{"taxonomy":"category","embeddable":true,"href":"https:\/\/diariodigitalmx.com\/index.php\/wp-json\/wp\/v2\/categories?post=69931"},{"taxonomy":"post_tag","embeddable":true,"href":"https:\/\/diariodigitalmx.com\/index.php\/wp-json\/wp\/v2\/tags?post=69931"}],"curies":[{"name":"wp","href":"https:\/\/api.w.org\/{rel}","templated":true}]}}