{"id":69934,"date":"2022-01-17T21:53:38","date_gmt":"2022-01-18T03:53:38","guid":{"rendered":"http:\/\/diariodigitalmx.com\/?p=69934"},"modified":"2022-01-17T21:54:38","modified_gmt":"2022-01-18T03:54:38","slug":"propone-anylu-bendicion-agendar-24-temas","status":"publish","type":"post","link":"https:\/\/diariodigitalmx.com\/index.php\/2022\/01\/17\/propone-anylu-bendicion-agendar-24-temas\/","title":{"rendered":"Propone Anyl\u00fa Bendici\u00f3n agendar 24 temas"},"content":{"rendered":"\n<p>Para mejorar la calidad de vida de los nuevoleoneses, Anyl\u00fa Bendici\u00f3n Hern\u00e1ndez Sep\u00falveda propuso agendar 24 temas en la Agenda Tem\u00e1tica M\u00ednima para el Segundo Per\u00edodo Ordinario de Sesiones del Primer A\u00f1o de Ejercicio Constitucional.<\/p>\n\n\n\n<p>La Coordinadora del Grupo Legislativo del Partido del Trabajo propuso las reformas constitucionales en materia de Calidad del Aire y de Seguridad Vial, as\u00ed como en materia de Paridad Total entre G\u00e9neros y en materia Electoral y de Paridad, los cuales est\u00e1n aprobadas en primera vuelta.<\/p>\n\n\n\n<p>Adem\u00e1s, incorporar los mecanismos de la democracia directa (refer\u00e9ndum, plebiscito, presupuesto participativo, etc.) en la Constituci\u00f3n y elevar a rango constitucional la Ley de Protecci\u00f3n Ciudadana, temas por los cuales el PT ha pugnado durante m\u00e1s de 30 a\u00f1os.<\/p>\n\n\n\n<figure class=\"wp-block-image size-large\"><img loading=\"lazy\" decoding=\"async\" width=\"747\" height=\"1024\" src=\"http:\/\/diariodigitalmx.com\/wp-content\/uploads\/2022\/01\/IMG-20220117-WA0019.jpg\" alt=\"\" class=\"wp-image-69937\" srcset=\"https:\/\/diariodigitalmx.com\/wp-content\/uploads\/2022\/01\/IMG-20220117-WA0019.jpg 747w, https:\/\/diariodigitalmx.com\/wp-content\/uploads\/2022\/01\/IMG-20220117-WA0019-219x300.jpg 219w\" sizes=\"(max-width: 747px) 100vw, 747px\" \/><\/figure>\n\n\n\n<p>Plante\u00f3 agendar la reforma a la Ley de Acceso de las Mujeres a una Vida Libre de Violencia para establecer la modalidad de la violencia medi\u00e1tica, as\u00ed como a la Ley de Movilidad Sustentable para que el Vag\u00f3n Rosa sea un derecho de todas las usuarias de Metrorrey.<\/p>\n\n\n\n<p>Asimismo, garantizar en el C\u00f3digo Civil y en la Ley del Notariado la seguridad jur\u00eddica de los bienes digitales que las personas tienen tanto en la nube como en los equipos de c\u00f3mputo.&nbsp;&nbsp;<\/p>\n\n\n\n<p>La legisladora de la Cuarta Transformaci\u00f3n remarc\u00f3 su inter\u00e9s por promulgar las nuevas leyes de Educaci\u00f3n, del Organismo para la Calidad del Aire y de Protecci\u00f3n Civil y Servicios de Emergencia. \u00c9sta \u00faltima, debido a que el trabajo del cuerpo de Bomberos merece estar regulado.<\/p>\n\n\n\n<p>Reconoci\u00f3 que en los temas de inseguridad y de contaminaci\u00f3n el Congreso necesita apretar porque estamos viviendo d\u00edas muy complicados y por tener la contaminaci\u00f3n por los suelos.<\/p>\n\n\n\n<p>\u201cEstos dos temas son torales para el pr\u00f3ximo Per\u00edodo de Sesiones\u201d, dijo y manifest\u00f3 que por las p\u00e9rdidas humanas registradas en \u00faltimas fechas \u201cvamos a seguir se\u00f1alando y exigiendo que haya un cambio en la estrategia\u201d.&nbsp;<\/p>\n","protected":false},"excerpt":{"rendered":"<p>Para mejorar la calidad de vida de los nuevoleoneses, Anyl\u00fa Bendici\u00f3n Hern\u00e1ndez Sep\u00falveda propuso agendar 24 temas en la Agenda Tem\u00e1tica M\u00ednima para el Segundo Per\u00edodo Ordinario de Sesiones del Primer A\u00f1o de Ejercicio Constitucional. La Coordinadora del Grupo Legislativo del Partido del Trabajo propuso las reformas constitucionales en materia de Calidad del Aire y [&hellip;]<\/p>\n","protected":false},"author":1,"featured_media":69936,"comment_status":"open","ping_status":"open","sticky":true,"template":"","format":"standard","meta":{"footnotes":""},"categories":[6,5],"tags":[],"_links":{"self":[{"href":"https:\/\/diariodigitalmx.com\/index.php\/wp-json\/wp\/v2\/posts\/69934"}],"collection":[{"href":"https:\/\/diariodigitalmx.com\/index.php\/wp-json\/wp\/v2\/posts"}],"about":[{"href":"https:\/\/diariodigitalmx.com\/index.php\/wp-json\/wp\/v2\/types\/post"}],"author":[{"embeddable":true,"href":"https:\/\/diariodigitalmx.com\/index.php\/wp-json\/wp\/v2\/users\/1"}],"replies":[{"embeddable":true,"href":"https:\/\/diariodigitalmx.com\/index.php\/wp-json\/wp\/v2\/comments?post=69934"}],"version-history":[{"count":2,"href":"https:\/\/diariodigitalmx.com\/index.php\/wp-json\/wp\/v2\/posts\/69934\/revisions"}],"predecessor-version":[{"id":69938,"href":"https:\/\/diariodigitalmx.com\/index.php\/wp-json\/wp\/v2\/posts\/69934\/revisions\/69938"}],"wp:featuredmedia":[{"embeddable":true,"href":"https:\/\/diariodigitalmx.com\/index.php\/wp-json\/wp\/v2\/media\/69936"}],"wp:attachment":[{"href":"https:\/\/diariodigitalmx.com\/index.php\/wp-json\/wp\/v2\/media?parent=69934"}],"wp:term":[{"taxonomy":"category","embeddable":true,"href":"https:\/\/diariodigitalmx.com\/index.php\/wp-json\/wp\/v2\/categories?post=69934"},{"taxonomy":"post_tag","embeddable":true,"href":"https:\/\/diariodigitalmx.com\/index.php\/wp-json\/wp\/v2\/tags?post=69934"}],"curies":[{"name":"wp","href":"https:\/\/api.w.org\/{rel}","templated":true}]}}