{"id":70040,"date":"2022-01-19T15:18:20","date_gmt":"2022-01-19T21:18:20","guid":{"rendered":"http:\/\/diariodigitalmx.com\/?p=70040"},"modified":"2022-01-19T15:18:59","modified_gmt":"2022-01-19T21:18:59","slug":"fueron-7-los-detenidos-que-forman-el-grupo-de-el-cano","status":"publish","type":"post","link":"https:\/\/diariodigitalmx.com\/index.php\/2022\/01\/19\/fueron-7-los-detenidos-que-forman-el-grupo-de-el-cano\/","title":{"rendered":"Fueron 7 los detenidos que forman el grupo de &#8220;El Cano&#8221;"},"content":{"rendered":"\n<p>*Tambi\u00e9n confirma Fiscal\u00eda dos muertos <\/p>\n\n\n\n<p>Monterrey &#8211; Tras la detenci\u00f3n de &#8220;El Cano&#8221;, o &#8220;El Comandante Cano&#8221;, fueron capturados luego de una persecuci\u00f3n y balaceras siete de sus hombres en el municipio de Apodaca.&nbsp;<\/p>\n\n\n\n<p>El l\u00edder del CDS era considerado por las autoridades como &#8220;objetivo prioritario&#8221; para su detenci\u00f3n ante la escalada de violencia que se vive aqu\u00ed y en donde, habr\u00eda tambi\u00e9n amenazas a mandos de la polic\u00eda.&nbsp;<\/p>\n\n\n\n<p>La Fiscal\u00eda General de Justicia inform\u00f3 que Alan Ervey J., &#8220;El Cano&#8221; o &#8220;El Comandante Cano&#8221;, detenido en el municipio de Guadalupe, es se\u00f1alado como el l\u00edder del C\u00e1rtel de Sinaloa, que est\u00e1 relacionado con la escalada de violencia en los \u00faltimos meses en Nuevo Le\u00f3n.<\/p>\n\n\n\n<p>En el operativo en una casa de seguridad en la Colonia Residencial Las Palmas, de Apodaca, adem\u00e1s de los siete detenidos murieron dos m\u00e1s en el enfrentamiento.<\/p>\n\n\n\n<p>El reporte de la Fiscal\u00eda indica que durante el tiroteo no hubo agentes ministeriales o polic\u00edas preventivos lesionados.<\/p>\n\n\n\n<p>&#8220;El Cano&#8221;&nbsp; fue capturado el martes cuando com\u00eda con su familia en un negocio de Pollo Loco, de la Avenida Ruiz Cortines e Israel Cavazos, en la Colonia Valle Soleado, en el municipio de Guadalupe.<\/p>\n\n\n\n<p>En principio se le detuvo por una orden de aprehensi\u00f3n por el delito de secuestro agravado, pero se mantiene la carpeta abierta.<\/p>\n\n\n\n<p>Despu\u00e9s de su detenci\u00f3n un operativo de diversas corporaciones polic\u00edacas llevaron a un enfrentamiento contra los hombres de &#8220;El Cano&#8221;, en el cual se detuvo a siete y dos murieron.&nbsp;<\/p>\n\n\n\n<p>Los c\u00f3mplices capturados son Gerardo, de 34 a\u00f1os; Abraham Emmanuel, de 27: Jes\u00fas Abel, 20; \u00c9dgar Yoani, de 33; Mario, de 28; Felipe de Jes\u00fas, de 20, y Haziel Rodr\u00edguez, de 20.<\/p>\n\n\n\n<p>En la zona metropolitana de Monterrey la violencia se ha incrementado tras que 2021 cerr\u00f3 con poco m\u00e1s de mil homicidios.&nbsp;<\/p>\n\n\n\n<p>Las ejecuciones se han registrado este a\u00f1o a la luz del d\u00eda y en lugares c\u00e9ntricos.&nbsp;<\/p>\n","protected":false},"excerpt":{"rendered":"<p>*Tambi\u00e9n confirma Fiscal\u00eda dos muertos Monterrey &#8211; Tras la detenci\u00f3n de &#8220;El Cano&#8221;, o &#8220;El Comandante Cano&#8221;, fueron capturados luego de una persecuci\u00f3n y balaceras siete de sus hombres en el municipio de Apodaca.&nbsp; El l\u00edder del CDS era considerado por las autoridades como &#8220;objetivo prioritario&#8221; para su detenci\u00f3n ante la escalada de violencia que [&hellip;]<\/p>\n","protected":false},"author":1,"featured_media":70042,"comment_status":"open","ping_status":"open","sticky":true,"template":"","format":"standard","meta":{"footnotes":""},"categories":[5,7],"tags":[],"_links":{"self":[{"href":"https:\/\/diariodigitalmx.com\/index.php\/wp-json\/wp\/v2\/posts\/70040"}],"collection":[{"href":"https:\/\/diariodigitalmx.com\/index.php\/wp-json\/wp\/v2\/posts"}],"about":[{"href":"https:\/\/diariodigitalmx.com\/index.php\/wp-json\/wp\/v2\/types\/post"}],"author":[{"embeddable":true,"href":"https:\/\/diariodigitalmx.com\/index.php\/wp-json\/wp\/v2\/users\/1"}],"replies":[{"embeddable":true,"href":"https:\/\/diariodigitalmx.com\/index.php\/wp-json\/wp\/v2\/comments?post=70040"}],"version-history":[{"count":1,"href":"https:\/\/diariodigitalmx.com\/index.php\/wp-json\/wp\/v2\/posts\/70040\/revisions"}],"predecessor-version":[{"id":70041,"href":"https:\/\/diariodigitalmx.com\/index.php\/wp-json\/wp\/v2\/posts\/70040\/revisions\/70041"}],"wp:featuredmedia":[{"embeddable":true,"href":"https:\/\/diariodigitalmx.com\/index.php\/wp-json\/wp\/v2\/media\/70042"}],"wp:attachment":[{"href":"https:\/\/diariodigitalmx.com\/index.php\/wp-json\/wp\/v2\/media?parent=70040"}],"wp:term":[{"taxonomy":"category","embeddable":true,"href":"https:\/\/diariodigitalmx.com\/index.php\/wp-json\/wp\/v2\/categories?post=70040"},{"taxonomy":"post_tag","embeddable":true,"href":"https:\/\/diariodigitalmx.com\/index.php\/wp-json\/wp\/v2\/tags?post=70040"}],"curies":[{"name":"wp","href":"https:\/\/api.w.org\/{rel}","templated":true}]}}