{"id":70057,"date":"2022-01-19T22:19:31","date_gmt":"2022-01-20T04:19:31","guid":{"rendered":"http:\/\/diariodigitalmx.com\/?p=70057"},"modified":"2022-01-19T22:22:04","modified_gmt":"2022-01-20T04:22:04","slug":"incendio-tras-fuga-en-oleoducto-de-pemex","status":"publish","type":"post","link":"https:\/\/diariodigitalmx.com\/index.php\/2022\/01\/19\/incendio-tras-fuga-en-oleoducto-de-pemex\/","title":{"rendered":"Incendio tras fuga en oleoducto de Pemex"},"content":{"rendered":"\n<p>ROBERTO BARBOZA<\/p>\n\n\n\n<p>VILLAHERMOSA.- La fuga en un oleoducto de Petr\u00f3leos Mexicanos, de seis pulgadas de di\u00e1metro, origin\u00f3 un fuerte incendi\u00f3 que causaba una humareda oscura y t\u00f3xica en un potrero que atraviesa la tuber\u00eda, a la altura de la comunidad de La Venta, Huimanguillo, casi colindante con el sur de Veracruz.<br>Una 60 personas de unas 14 viviendas cercanas al lugar del incendio, ubicadas a una distancia aproximada de 200 metros, por temor optaron por desalojar sus casas y se trasladaron con familiares.<br>El Instituto de Protecci\u00f3n Civil del estado de Tabasco (IPCT) afirm\u00f3 que esas viviendas \u201cno est\u00e1n en riesgo, ya que el incendio se mantiene en la l\u00ednea\u201d, tambi\u00e9n que hasta las 20.00 horas estaba \u201ccontrolado en un 50 por ciento, y no avanza m\u00e1s\u201d.<\/p>\n\n\n\n<figure class=\"wp-block-video\"><video controls src=\"http:\/\/diariodigitalmx.com\/wp-content\/uploads\/2022\/01\/VID-20220119-WA0019.mp4\"><\/video><\/figure>\n\n\n\n<p><br>\u201cLas personas salieron voluntariamente y no porque hubiera una evacuaci\u00f3n; prefirieron salir de sus hogares por prevenci\u00f3n con el apoyo de personal de la Secretar\u00eda de Marina y en coordinaci\u00f3n con Protecci\u00f3n Civil\u201d, inform\u00f3 la instituci\u00f3n.<br>Hasta esta noche, ni Pemex ni el IPCT daban a conocer las causas de la aver\u00eda del oleoducto de seis pulgadas.<br>El incendio fue reportado alrededor de las 16:00 horas de este mi\u00e9rcoles, por lo que personal de las unidades regionales de Protecci\u00f3n Civil atendieron el llamado para controlar el fuego en la l\u00ednea del oleoducto de seis pulgadas.<br>En el combate al incendio participan cuadrillas contraincendios de Pemex; personal del Centro Regional de Prevenci\u00f3n, Atenci\u00f3n de Emergencias y Capacitaci\u00f3n (Cerapaec), y de las unidades regionales de Sabana, Costa, Planicie y direcci\u00f3n operativa, acudieron para coordinarse con el personal de la paraestatal para tratar de controlar la fuga lo m\u00e1s r\u00e1pido posible.<br>En el lugar tambi\u00e9n se encuentra personal de la Unidad Municipal de Protecci\u00f3n Civil de Huimanguillo, con una pipa de 10 mil litros y siete trabajadores; y de las unidades Sabana, con cuatro elementos; Costa, cuatro elementos y una pipa de 10 mil litros; y Planicie, con 10 elementos y 2 pipas de 20 mil litros.<br>Mientras tanto, Pemex trabaja con 10 personas, una unidad contraincendio \u201cFerrara\u201d y una pipa de 20 mil litros de agua; la Secretar\u00eda de Marina (Semar), con 17 elementos y dos veh\u00edculos; Guardia Nacional, con 14 elementos y dos veh\u00edculos; Seguridad P\u00fablica de Huimanguillo, con cinco elementos y una unidad; y Tr\u00e1nsito estatal, con cinco elementos.<br>Las autoridades especialistas de la Agencia Nacional de Seguridad Industrial y de Protecci\u00f3n al Medio Ambiente del Sector Hidrocarburos (ASEA), fueron notificadas del incidente, para que iniciaran las investigaciones correspondientes para determinar las causas de la conflagraci\u00f3n.<br>Las autoridades informaron que iba en camino al lugar otro cami\u00f3n \u201cFerrara\u201d de Pemex para atacar el 50 por ciento restante del fuego con espuma qu\u00edmica<\/p>\n\n\n\n<figure class=\"wp-block-image size-large\"><img loading=\"lazy\" decoding=\"async\" width=\"1024\" height=\"768\" src=\"http:\/\/diariodigitalmx.com\/wp-content\/uploads\/2022\/01\/IMG-20220119-WA0020-1024x768.jpg\" alt=\"\" class=\"wp-image-70060\" srcset=\"https:\/\/diariodigitalmx.com\/wp-content\/uploads\/2022\/01\/IMG-20220119-WA0020-1024x768.jpg 1024w, https:\/\/diariodigitalmx.com\/wp-content\/uploads\/2022\/01\/IMG-20220119-WA0020-300x225.jpg 300w, https:\/\/diariodigitalmx.com\/wp-content\/uploads\/2022\/01\/IMG-20220119-WA0020-768x576.jpg 768w, https:\/\/diariodigitalmx.com\/wp-content\/uploads\/2022\/01\/IMG-20220119-WA0020.jpg 1280w\" sizes=\"(max-width: 1024px) 100vw, 1024px\" \/><\/figure>\n","protected":false},"excerpt":{"rendered":"<p>ROBERTO BARBOZA VILLAHERMOSA.- La fuga en un oleoducto de Petr\u00f3leos Mexicanos, de seis pulgadas de di\u00e1metro, origin\u00f3 un fuerte incendi\u00f3 que causaba una humareda oscura y t\u00f3xica en un potrero que atraviesa la tuber\u00eda, a la altura de la comunidad de La Venta, Huimanguillo, casi colindante con el sur de Veracruz.Una 60 personas de unas [&hellip;]<\/p>\n","protected":false},"author":1,"featured_media":70059,"comment_status":"open","ping_status":"open","sticky":true,"template":"","format":"standard","meta":{"footnotes":""},"categories":[2,3],"tags":[],"_links":{"self":[{"href":"https:\/\/diariodigitalmx.com\/index.php\/wp-json\/wp\/v2\/posts\/70057"}],"collection":[{"href":"https:\/\/diariodigitalmx.com\/index.php\/wp-json\/wp\/v2\/posts"}],"about":[{"href":"https:\/\/diariodigitalmx.com\/index.php\/wp-json\/wp\/v2\/types\/post"}],"author":[{"embeddable":true,"href":"https:\/\/diariodigitalmx.com\/index.php\/wp-json\/wp\/v2\/users\/1"}],"replies":[{"embeddable":true,"href":"https:\/\/diariodigitalmx.com\/index.php\/wp-json\/wp\/v2\/comments?post=70057"}],"version-history":[{"count":3,"href":"https:\/\/diariodigitalmx.com\/index.php\/wp-json\/wp\/v2\/posts\/70057\/revisions"}],"predecessor-version":[{"id":70063,"href":"https:\/\/diariodigitalmx.com\/index.php\/wp-json\/wp\/v2\/posts\/70057\/revisions\/70063"}],"wp:featuredmedia":[{"embeddable":true,"href":"https:\/\/diariodigitalmx.com\/index.php\/wp-json\/wp\/v2\/media\/70059"}],"wp:attachment":[{"href":"https:\/\/diariodigitalmx.com\/index.php\/wp-json\/wp\/v2\/media?parent=70057"}],"wp:term":[{"taxonomy":"category","embeddable":true,"href":"https:\/\/diariodigitalmx.com\/index.php\/wp-json\/wp\/v2\/categories?post=70057"},{"taxonomy":"post_tag","embeddable":true,"href":"https:\/\/diariodigitalmx.com\/index.php\/wp-json\/wp\/v2\/tags?post=70057"}],"curies":[{"name":"wp","href":"https:\/\/api.w.org\/{rel}","templated":true}]}}