{"id":70083,"date":"2022-01-20T15:56:36","date_gmt":"2022-01-20T21:56:36","guid":{"rendered":"http:\/\/diariodigitalmx.com\/?p=70083"},"modified":"2022-01-20T16:03:10","modified_gmt":"2022-01-20T22:03:10","slug":"con-modernas-luminarias-en-escobedo-se-refuerza-el-alumbrado-publico","status":"publish","type":"post","link":"https:\/\/diariodigitalmx.com\/index.php\/2022\/01\/20\/con-modernas-luminarias-en-escobedo-se-refuerza-el-alumbrado-publico\/","title":{"rendered":"Con modernas luminarias en Escobedo se refuerza el alumbrado p\u00fablico"},"content":{"rendered":"\n<figure class=\"wp-block-video\"><video controls src=\"http:\/\/diariodigitalmx.com\/wp-content\/uploads\/2022\/01\/ALIANZA-REAL-LUMINARIAS-MEDIOS-ASPECTOS.mp4\"><\/video><\/figure>\n\n\n\n<p>Siguiendo con las mejoras de infraestructura y relacionadas con la seguridad que se realizan en la zona de la Alianza, el Municipio de Escobedo inici\u00f3 los trabajos para reforzar el alumbrado p\u00fablico en la Avenida Constituci\u00f3n y en el parque lineal que se ubica sobre esta vialidad.<\/p>\n\n\n\n<figure class=\"wp-block-image size-large\"><img loading=\"lazy\" decoding=\"async\" width=\"1024\" height=\"621\" src=\"http:\/\/diariodigitalmx.com\/wp-content\/uploads\/2022\/01\/1-1-1024x621.jpg\" alt=\"\" class=\"wp-image-70092\" srcset=\"https:\/\/diariodigitalmx.com\/wp-content\/uploads\/2022\/01\/1-1-1024x621.jpg 1024w, https:\/\/diariodigitalmx.com\/wp-content\/uploads\/2022\/01\/1-1-300x182.jpg 300w, https:\/\/diariodigitalmx.com\/wp-content\/uploads\/2022\/01\/1-1-768x466.jpg 768w, https:\/\/diariodigitalmx.com\/wp-content\/uploads\/2022\/01\/1-1-1536x931.jpg 1536w, https:\/\/diariodigitalmx.com\/wp-content\/uploads\/2022\/01\/1-1.jpg 1616w\" sizes=\"(max-width: 1024px) 100vw, 1024px\" \/><\/figure>\n\n\n\n<p>Con la instalaci\u00f3n de luminarias en mil 100 metros lineales, entre la Avenida Camino a las Pedreras y la Colonia Laderas de San Miguel, miles de ciudadanos podr\u00e1n transitar con m\u00e1s seguridad, indic\u00f3 Andr\u00e9s Mijes, Alcalde del Municipio.<\/p>\n\n\n\n<figure class=\"wp-block-image size-large\"><img loading=\"lazy\" decoding=\"async\" width=\"1024\" height=\"683\" src=\"http:\/\/diariodigitalmx.com\/wp-content\/uploads\/2022\/01\/IMG_5679-1024x683.jpg\" alt=\"\" class=\"wp-image-70090\" srcset=\"https:\/\/diariodigitalmx.com\/wp-content\/uploads\/2022\/01\/IMG_5679-1024x683.jpg 1024w, https:\/\/diariodigitalmx.com\/wp-content\/uploads\/2022\/01\/IMG_5679-300x200.jpg 300w, https:\/\/diariodigitalmx.com\/wp-content\/uploads\/2022\/01\/IMG_5679-768x512.jpg 768w, https:\/\/diariodigitalmx.com\/wp-content\/uploads\/2022\/01\/IMG_5679-1536x1024.jpg 1536w, https:\/\/diariodigitalmx.com\/wp-content\/uploads\/2022\/01\/IMG_5679-2048x1365.jpg 2048w\" sizes=\"(max-width: 1024px) 100vw, 1024px\" \/><\/figure>\n\n\n\n<p>\u201cVamos a iluminar 500 metros lineales dentro de lo que es el parque lineal de la Avenida Constituci\u00f3n y 600 metros lineales en lo que vienen siendo ambos cuerpos de la avenida\u201d, explic\u00f3 Mijes.<\/p>\n\n\n\n<p>\u201cEsto beneficiar\u00e1 a habitantes de colonias como Portal de San Francisco, Laderas de San Miguel, la Alianza Real y otros sectores del poniente\u201d, agreg\u00f3, \u201cforma parte de un compromiso con los vecinos, sobre seguir mejorando toda esta zona\u201d.<\/p>\n\n\n\n<figure class=\"wp-block-image size-large\"><img loading=\"lazy\" decoding=\"async\" width=\"1024\" height=\"621\" src=\"http:\/\/diariodigitalmx.com\/wp-content\/uploads\/2022\/01\/1-2-1024x621.jpg\" alt=\"\" class=\"wp-image-70094\" srcset=\"https:\/\/diariodigitalmx.com\/wp-content\/uploads\/2022\/01\/1-2-1024x621.jpg 1024w, https:\/\/diariodigitalmx.com\/wp-content\/uploads\/2022\/01\/1-2-300x182.jpg 300w, https:\/\/diariodigitalmx.com\/wp-content\/uploads\/2022\/01\/1-2-768x466.jpg 768w, https:\/\/diariodigitalmx.com\/wp-content\/uploads\/2022\/01\/1-2-1536x931.jpg 1536w, https:\/\/diariodigitalmx.com\/wp-content\/uploads\/2022\/01\/1-2.jpg 1616w\" sizes=\"(max-width: 1024px) 100vw, 1024px\" \/><\/figure>\n\n\n\n<p>Las luminarias contar\u00e1n con tecnolog\u00eda led y ser\u00e1n ahorradoras de energ\u00eda.<\/p>\n\n\n\n<p>Para el arranque de los trabajos se llev\u00f3 a cabo una brigada de limpieza para retirar basura y maleza en el parque y sus inmediaciones.&nbsp;<\/p>\n","protected":false},"excerpt":{"rendered":"<p>Siguiendo con las mejoras de infraestructura y relacionadas con la seguridad que se realizan en la zona de la Alianza, el Municipio de Escobedo inici\u00f3 los trabajos para reforzar el alumbrado p\u00fablico en la Avenida Constituci\u00f3n y en el parque lineal que se ubica sobre esta vialidad. Con la instalaci\u00f3n de luminarias en mil 100 [&hellip;]<\/p>\n","protected":false},"author":1,"featured_media":70085,"comment_status":"open","ping_status":"open","sticky":true,"template":"","format":"standard","meta":{"footnotes":""},"categories":[14,6],"tags":[],"_links":{"self":[{"href":"https:\/\/diariodigitalmx.com\/index.php\/wp-json\/wp\/v2\/posts\/70083"}],"collection":[{"href":"https:\/\/diariodigitalmx.com\/index.php\/wp-json\/wp\/v2\/posts"}],"about":[{"href":"https:\/\/diariodigitalmx.com\/index.php\/wp-json\/wp\/v2\/types\/post"}],"author":[{"embeddable":true,"href":"https:\/\/diariodigitalmx.com\/index.php\/wp-json\/wp\/v2\/users\/1"}],"replies":[{"embeddable":true,"href":"https:\/\/diariodigitalmx.com\/index.php\/wp-json\/wp\/v2\/comments?post=70083"}],"version-history":[{"count":6,"href":"https:\/\/diariodigitalmx.com\/index.php\/wp-json\/wp\/v2\/posts\/70083\/revisions"}],"predecessor-version":[{"id":70097,"href":"https:\/\/diariodigitalmx.com\/index.php\/wp-json\/wp\/v2\/posts\/70083\/revisions\/70097"}],"wp:featuredmedia":[{"embeddable":true,"href":"https:\/\/diariodigitalmx.com\/index.php\/wp-json\/wp\/v2\/media\/70085"}],"wp:attachment":[{"href":"https:\/\/diariodigitalmx.com\/index.php\/wp-json\/wp\/v2\/media?parent=70083"}],"wp:term":[{"taxonomy":"category","embeddable":true,"href":"https:\/\/diariodigitalmx.com\/index.php\/wp-json\/wp\/v2\/categories?post=70083"},{"taxonomy":"post_tag","embeddable":true,"href":"https:\/\/diariodigitalmx.com\/index.php\/wp-json\/wp\/v2\/tags?post=70083"}],"curies":[{"name":"wp","href":"https:\/\/api.w.org\/{rel}","templated":true}]}}