{"id":70108,"date":"2022-01-20T21:38:36","date_gmt":"2022-01-21T03:38:36","guid":{"rendered":"http:\/\/diariodigitalmx.com\/?p=70108"},"modified":"2022-01-20T21:39:59","modified_gmt":"2022-01-21T03:39:59","slug":"tendra-juan-guzman-sones-de-la-ciudad-en-el-museo-de-historia-mexicana","status":"publish","type":"post","link":"https:\/\/diariodigitalmx.com\/index.php\/2022\/01\/20\/tendra-juan-guzman-sones-de-la-ciudad-en-el-museo-de-historia-mexicana\/","title":{"rendered":"Tendr\u00e1 Juan Guzm\u00e1n, Sones de la ciudad, en el Museo de Historia Mexicana"},"content":{"rendered":"\n<p>Durante una d\u00e9cada busc\u00f3 crear m\u00fasica contempor\u00e1nea que conservara la esencia de Puebla a trav\u00e9s del sonido de son, as\u00ed surgi\u00f3 Sones de la ciudad, el concierto que ofrecer\u00e1 Juan Guzm\u00e1n en el Museo de Historia Mexicana.<\/p>\n\n\n\n<p>El cantautor comenta que en la d\u00e9cada de 1988-1998, Puebla era una ciudad que carec\u00eda de un estilo musical propio, las r\u00edtmicas que se escuchaban eran de otras partes de M\u00e9xico, por cierto, la canci\u00f3n emblem\u00e1tica de Puebla \u201cQue Chula es Puebla\u201d, fue escrita por el puertorrique\u00f1o Rafael Hern\u00e1ndez, con ritmo ranchero.&nbsp;<\/p>\n\n\n\n<p>\u201cEra necesario abrir camino en la sonoridad para llegar al sonido \u201cregional poblano\u201d, la b\u00fasqueda de identidad, de pertenencia, de la ra\u00edz que la globalizaci\u00f3n comenzaba a desmoronar\u201d, dice.<\/p>\n\n\n\n<figure class=\"wp-block-image size-large\"><img loading=\"lazy\" decoding=\"async\" width=\"1024\" height=\"1024\" src=\"http:\/\/diariodigitalmx.com\/wp-content\/uploads\/2022\/01\/IMG-20220120-WA0030-1024x1024.jpg\" alt=\"\" class=\"wp-image-70112\" srcset=\"https:\/\/diariodigitalmx.com\/wp-content\/uploads\/2022\/01\/IMG-20220120-WA0030-1024x1024.jpg 1024w, https:\/\/diariodigitalmx.com\/wp-content\/uploads\/2022\/01\/IMG-20220120-WA0030-300x300.jpg 300w, https:\/\/diariodigitalmx.com\/wp-content\/uploads\/2022\/01\/IMG-20220120-WA0030-150x150.jpg 150w, https:\/\/diariodigitalmx.com\/wp-content\/uploads\/2022\/01\/IMG-20220120-WA0030-768x768.jpg 768w, https:\/\/diariodigitalmx.com\/wp-content\/uploads\/2022\/01\/IMG-20220120-WA0030.jpg 1080w\" sizes=\"(max-width: 1024px) 100vw, 1024px\" \/><\/figure>\n\n\n\n<p>Coment\u00f3 que en ese momento en M\u00e9xico estaban surgiendo dos importantes movimientos, el que buscaba la integraci\u00f3n de la m\u00fasica latinoamericana y la trova al gusto mexicano, y el de los artistas que estaban nutriendo la canci\u00f3n contempor\u00e1nea mexicana con hondas ra\u00edces de identidad.<\/p>\n\n\n\n<p>\u201cSones de la ciudad es una de esas voces, que busca continuar con la tradici\u00f3n y replantearla como una canci\u00f3n contempor\u00e1nea, que ya no suene tan a\u00f1eja y que se pueda seguir sonando en las fiestas de los fines de semana\u201d, agrega.<\/p>\n\n\n\n<p>El concierto que ofrecer\u00e1 el martes 25 de enero a las 19:00 horas en el Museo de Historia Mexicana, se transmitir\u00e1 en vivo a trav\u00e9s de Facebook Live para los seguidores de 3 Museos.&nbsp;<\/p>\n\n\n\n<p>Para quienes deseen asistir en vivo deber\u00e1n registrarse en el siguiente enlace<\/p>\n\n\n\n<p><a href=\"https:\/\/www.eventbrite.com.mx\/e\/sones-de-la-ciudad-tickets-241182692927\">https:\/\/www.eventbrite.com.mx\/e\/sones-de-la-ciudad-tickets-241182692927<\/a> y ser\u00e1 indispensable presentarte 10 minutos antes con tu c\u00f3digo QR impreso o digital para poder acceder al evento.<\/p>\n","protected":false},"excerpt":{"rendered":"<p>Durante una d\u00e9cada busc\u00f3 crear m\u00fasica contempor\u00e1nea que conservara la esencia de Puebla a trav\u00e9s del sonido de son, as\u00ed surgi\u00f3 Sones de la ciudad, el concierto que ofrecer\u00e1 Juan Guzm\u00e1n en el Museo de Historia Mexicana. El cantautor comenta que en la d\u00e9cada de 1988-1998, Puebla era una ciudad que carec\u00eda de un estilo [&hellip;]<\/p>\n","protected":false},"author":1,"featured_media":70110,"comment_status":"open","ping_status":"open","sticky":true,"template":"","format":"standard","meta":{"footnotes":""},"categories":[11,14],"tags":[],"_links":{"self":[{"href":"https:\/\/diariodigitalmx.com\/index.php\/wp-json\/wp\/v2\/posts\/70108"}],"collection":[{"href":"https:\/\/diariodigitalmx.com\/index.php\/wp-json\/wp\/v2\/posts"}],"about":[{"href":"https:\/\/diariodigitalmx.com\/index.php\/wp-json\/wp\/v2\/types\/post"}],"author":[{"embeddable":true,"href":"https:\/\/diariodigitalmx.com\/index.php\/wp-json\/wp\/v2\/users\/1"}],"replies":[{"embeddable":true,"href":"https:\/\/diariodigitalmx.com\/index.php\/wp-json\/wp\/v2\/comments?post=70108"}],"version-history":[{"count":3,"href":"https:\/\/diariodigitalmx.com\/index.php\/wp-json\/wp\/v2\/posts\/70108\/revisions"}],"predecessor-version":[{"id":70113,"href":"https:\/\/diariodigitalmx.com\/index.php\/wp-json\/wp\/v2\/posts\/70108\/revisions\/70113"}],"wp:featuredmedia":[{"embeddable":true,"href":"https:\/\/diariodigitalmx.com\/index.php\/wp-json\/wp\/v2\/media\/70110"}],"wp:attachment":[{"href":"https:\/\/diariodigitalmx.com\/index.php\/wp-json\/wp\/v2\/media?parent=70108"}],"wp:term":[{"taxonomy":"category","embeddable":true,"href":"https:\/\/diariodigitalmx.com\/index.php\/wp-json\/wp\/v2\/categories?post=70108"},{"taxonomy":"post_tag","embeddable":true,"href":"https:\/\/diariodigitalmx.com\/index.php\/wp-json\/wp\/v2\/tags?post=70108"}],"curies":[{"name":"wp","href":"https:\/\/api.w.org\/{rel}","templated":true}]}}