{"id":702,"date":"2019-03-01T10:54:23","date_gmt":"2019-03-01T16:54:23","guid":{"rendered":"http:\/\/diariodigitalmx.com\/?p=702"},"modified":"2019-03-01T10:54:24","modified_gmt":"2019-03-01T16:54:24","slug":"brujo-mayor-honra-a-luzbel-en-el-primer-viernes-de-marzo","status":"publish","type":"post","link":"https:\/\/diariodigitalmx.com\/index.php\/2019\/03\/01\/brujo-mayor-honra-a-luzbel-en-el-primer-viernes-de-marzo\/","title":{"rendered":"Brujo Mayor honra a Luzbel en el primer viernes de marzo"},"content":{"rendered":"\n<p>*A las cero horas de este viernes uno de marzo, el Brujo Mayor de Catemaco, Enrique Mart\u00e9n Bard\u00f3n, inici\u00f3 la celebraci\u00f3n de una misa negra<\/p>\n\n\n\n<p>Raymundo Le\u00f3n | Diario de Xalapa<\/p>\n\n\n\n<p>Catemaco, Ver., 1 de marzo.- A las cero horas de este viernes uno de marzo, el Brujo Mayor de Catemaco, Enrique Mart\u00e9n Bard\u00f3n, inici\u00f3 la celebraci\u00f3n de una misa negra en honor de Luzbel.<br>Contrariamente a lo que se piensa, dijo en la presentaci\u00f3n, Luzbel es un ser bello y en d\u00edas como hoy se le debe rendir tributo y recordar que en todo momento est\u00e1 entre los seres humanos.<br>En el escenario en donde se realiz\u00f3 la misa negra hab\u00eda una estrella de cinco picos al centro rodeada de decenas de velas. Ah\u00ed mismo, siete j\u00f3venes bailaron diversas danzas en honor al \u00c1ngel &nbsp;Ca\u00eddo y el ambiente se torn\u00f3 pesado por el intenso olor a incienso. <br>Mientras esto ocurr\u00eda, el Brujo Mayor contemplaba a un lado de un enorme c\u00edrculo la escena y una leve sonrisa se dibujaba en su rostro al.tiempo que acariciaba una serpiente.<br>En el cl\u00edmax de la misa, el Brujo Mayor, acompa\u00f1ado de varios brujos m\u00e1s, sacrific\u00f3 a un chivo negro, representaci\u00f3n en la Tierra de Luzbel, ante los at\u00f3nitos espectadores.<br>El sacrificio se realiz\u00f3 sobre uno de los brujos participantes en la misa negra, fueron minutos de angustia porque el animal chillaba por su vida. Posteriormente, &nbsp;la  sangre del chivo fue repartida entre quienes quisieron beberla, tambi\u00e9n la cabeza del chivo circul\u00f3 entre los presentes &#8220;para tocar su sangre y recibir los favores solicitados&#8221;.<br>Para este momento de la misa, el ambiente era sumamente denso.<br>Para finalizar la misa negra, el Brujo Mayor agradeci\u00f3 la presencia de los asistentes record\u00e1ndoles que Luzbel debe ser adorado no solamente en este d\u00eda sino todo el a\u00f1o. &#8220;Queremos que vengan todas las veces que lo deseen para que honren y quieran al Se\u00f1or de la Tierra&#8221;, asever\u00f3.\n\n<\/p>\n","protected":false},"excerpt":{"rendered":"<p>*A las cero horas de este viernes uno de marzo, el Brujo Mayor de Catemaco, Enrique Mart\u00e9n Bard\u00f3n, inici\u00f3 la celebraci\u00f3n de una misa negra Raymundo Le\u00f3n | Diario de Xalapa Catemaco, Ver., 1 de marzo.- A las cero horas de este viernes uno de marzo, el Brujo Mayor de Catemaco, Enrique Mart\u00e9n Bard\u00f3n, inici\u00f3 [&hellip;]<\/p>\n","protected":false},"author":1,"featured_media":703,"comment_status":"open","ping_status":"open","sticky":true,"template":"","format":"standard","meta":{"footnotes":""},"categories":[2],"tags":[],"_links":{"self":[{"href":"https:\/\/diariodigitalmx.com\/index.php\/wp-json\/wp\/v2\/posts\/702"}],"collection":[{"href":"https:\/\/diariodigitalmx.com\/index.php\/wp-json\/wp\/v2\/posts"}],"about":[{"href":"https:\/\/diariodigitalmx.com\/index.php\/wp-json\/wp\/v2\/types\/post"}],"author":[{"embeddable":true,"href":"https:\/\/diariodigitalmx.com\/index.php\/wp-json\/wp\/v2\/users\/1"}],"replies":[{"embeddable":true,"href":"https:\/\/diariodigitalmx.com\/index.php\/wp-json\/wp\/v2\/comments?post=702"}],"version-history":[{"count":1,"href":"https:\/\/diariodigitalmx.com\/index.php\/wp-json\/wp\/v2\/posts\/702\/revisions"}],"predecessor-version":[{"id":704,"href":"https:\/\/diariodigitalmx.com\/index.php\/wp-json\/wp\/v2\/posts\/702\/revisions\/704"}],"wp:featuredmedia":[{"embeddable":true,"href":"https:\/\/diariodigitalmx.com\/index.php\/wp-json\/wp\/v2\/media\/703"}],"wp:attachment":[{"href":"https:\/\/diariodigitalmx.com\/index.php\/wp-json\/wp\/v2\/media?parent=702"}],"wp:term":[{"taxonomy":"category","embeddable":true,"href":"https:\/\/diariodigitalmx.com\/index.php\/wp-json\/wp\/v2\/categories?post=702"},{"taxonomy":"post_tag","embeddable":true,"href":"https:\/\/diariodigitalmx.com\/index.php\/wp-json\/wp\/v2\/tags?post=702"}],"curies":[{"name":"wp","href":"https:\/\/api.w.org\/{rel}","templated":true}]}}