{"id":70237,"date":"2022-01-23T22:49:37","date_gmt":"2022-01-24T04:49:37","guid":{"rendered":"http:\/\/diariodigitalmx.com\/?p=70237"},"modified":"2022-01-23T22:50:52","modified_gmt":"2022-01-24T04:50:52","slug":"y-si-amlo-se-muere","status":"publish","type":"post","link":"https:\/\/diariodigitalmx.com\/index.php\/2022\/01\/23\/y-si-amlo-se-muere\/","title":{"rendered":"Y si AMLO se muere"},"content":{"rendered":"\n<p><\/p>\n\n\n\n<p>Por Salvador Hern\u00e1ndez <strong><em>LANDEROS<\/em><\/strong><\/p>\n\n\n\n<p>S\u00ed Andr\u00e9s Manuel L\u00f3pez Obrador llegara a fallecer durante su mandato, por su investidura, <strong><em>s\u00f3lo habr\u00eda que rendirle los honores que le corresponden<\/em><\/strong>.<\/p>\n\n\n\n<p>Como ciudadanos civilizados, debemos respetar la voluntad familiar; su esposa e hijos. <strong><em>Ellos decidir\u00edan si se velar\u00edan sus restos y d\u00f3nde su sepultura<\/em><\/strong>.<\/p>\n\n\n\n<p><strong><em>Del fallecimiento del ser humano por causas naturales, consecuencias de alg\u00fan padecimiento, accidente o violencia, nadie nos vamos a escapar<\/em><\/strong>.<\/p>\n\n\n\n<p>La muerte no avisa. <strong><em>No respeta edad ni posici\u00f3n social. Si se es bueno o malo. Cat\u00f3lico o no. Empresario, pol\u00edtico, mendigo o ladr\u00f3n<\/em><\/strong>. Le da lo mismo.<\/p>\n\n\n\n<p>Por eso no entiendo los sobresaltos de quienes andan todos alarmados<strong><em> porque el presidente AMLO coment\u00f3 que redact\u00f3 un \u201ctestamento pol\u00edtico\u201d.<\/em><\/strong><\/p>\n\n\n\n<p><strong><em>El testamento es un acto legal, formal y sensato, mediante el cual una persona decide su voluntad<\/em><\/strong> respecto a sus bienes al momento de su fallecimiento<\/p>\n\n\n\n<p><strong><em>Lo de AMLO es un documento que anunci\u00f3 luego que su salud se afect\u00f3 por Covid-19 u \u00d3micron y someterse a la colocaci\u00f3n de un cat\u00e9ter coronario<\/em><\/strong>.<\/p>\n\n\n\n<p><strong><em>Sobre su salud s\u00f3lo lo saben \u00e9l, su esposa, hijos, m\u00e9dicos y colaboradores cercanos. De cu\u00e1nta vida le queda, nadie lo sabe. Ni \u00e9l se va a enterar<\/em><\/strong>.<\/p>\n\n\n\n<p>Seg\u00fan su <strong><em>\u201ctestamento pol\u00edtico\u201d<\/em><\/strong>, el presidente lo redact\u00f3 <strong><em>\u201cpara garantizar la gobernabilidad del Pa\u00eds en caso de fallecer durante el ejercicio de su cargo<\/em><\/strong>\u201d.<\/p>\n\n\n\n<p>Si el fuera responsable, <strong><em>por motivos de salud se puede separar del cargo<\/em><\/strong>. <strong><em>Nadie somos indispensable.<\/em><\/strong> La historia lo puede tratar mejor por su sensata decisi\u00f3n.<\/p>\n\n\n\n<p>En cuanto al \u201ctestamento pol\u00edtico\u201d, \u00e9ste se puede invalidar <strong><em>porque por encima de este hay una Constituci\u00f3n en la que prev\u00e9 la falta del presidente de M\u00e9xico<\/em><\/strong>.<\/p>\n\n\n\n<p><a href=\"mailto:chavalolanderos@yahoo.com.mx\">chavalolanderos@yahoo.com.mx<\/a><\/p>\n","protected":false},"excerpt":{"rendered":"<p>Por Salvador Hern\u00e1ndez LANDEROS S\u00ed Andr\u00e9s Manuel L\u00f3pez Obrador llegara a fallecer durante su mandato, por su investidura, s\u00f3lo habr\u00eda que rendirle los honores que le corresponden. Como ciudadanos civilizados, debemos respetar la voluntad familiar; su esposa e hijos. Ellos decidir\u00edan si se velar\u00edan sus restos y d\u00f3nde su sepultura. Del fallecimiento del ser humano [&hellip;]<\/p>\n","protected":false},"author":1,"featured_media":70239,"comment_status":"open","ping_status":"open","sticky":true,"template":"","format":"standard","meta":{"footnotes":""},"categories":[14,12],"tags":[],"_links":{"self":[{"href":"https:\/\/diariodigitalmx.com\/index.php\/wp-json\/wp\/v2\/posts\/70237"}],"collection":[{"href":"https:\/\/diariodigitalmx.com\/index.php\/wp-json\/wp\/v2\/posts"}],"about":[{"href":"https:\/\/diariodigitalmx.com\/index.php\/wp-json\/wp\/v2\/types\/post"}],"author":[{"embeddable":true,"href":"https:\/\/diariodigitalmx.com\/index.php\/wp-json\/wp\/v2\/users\/1"}],"replies":[{"embeddable":true,"href":"https:\/\/diariodigitalmx.com\/index.php\/wp-json\/wp\/v2\/comments?post=70237"}],"version-history":[{"count":1,"href":"https:\/\/diariodigitalmx.com\/index.php\/wp-json\/wp\/v2\/posts\/70237\/revisions"}],"predecessor-version":[{"id":70238,"href":"https:\/\/diariodigitalmx.com\/index.php\/wp-json\/wp\/v2\/posts\/70237\/revisions\/70238"}],"wp:featuredmedia":[{"embeddable":true,"href":"https:\/\/diariodigitalmx.com\/index.php\/wp-json\/wp\/v2\/media\/70239"}],"wp:attachment":[{"href":"https:\/\/diariodigitalmx.com\/index.php\/wp-json\/wp\/v2\/media?parent=70237"}],"wp:term":[{"taxonomy":"category","embeddable":true,"href":"https:\/\/diariodigitalmx.com\/index.php\/wp-json\/wp\/v2\/categories?post=70237"},{"taxonomy":"post_tag","embeddable":true,"href":"https:\/\/diariodigitalmx.com\/index.php\/wp-json\/wp\/v2\/tags?post=70237"}],"curies":[{"name":"wp","href":"https:\/\/api.w.org\/{rel}","templated":true}]}}