{"id":70332,"date":"2022-01-25T02:09:54","date_gmt":"2022-01-25T08:09:54","guid":{"rendered":"http:\/\/diariodigitalmx.com\/?p=70332"},"modified":"2022-01-25T02:16:22","modified_gmt":"2022-01-25T08:16:22","slug":"lejos-la-reestructuracion-camionera-crece-corrupcion-laboral-croc-de-nl","status":"publish","type":"post","link":"https:\/\/diariodigitalmx.com\/index.php\/2022\/01\/25\/lejos-la-reestructuracion-camionera-crece-corrupcion-laboral-croc-de-nl\/","title":{"rendered":"Lejos la reestructuraci\u00f3n camionera; crece corrupci\u00f3n laboral: CROC de NL"},"content":{"rendered":"\n<p>Monterrey &#8211;&nbsp; La reestructuraci\u00f3n del transporte urbano regiomontano est\u00e1 lejos mientras no se vaya a fondo, se destierre la corrupci\u00f3n y se cuente con infraestructura vial, que incluya la seguridad tambi\u00e9n, considera el secretario general de la Federaci\u00f3n Estatal de Sindicatos de Trabajadores del Autotransporte de la CROC, Osvaldo Serna Serv\u00edn.<\/p>\n\n\n\n<p>Inmerso en el movimiento obrero y el transporte durante m\u00e1s de cuatro d\u00e9cadas, aborda tambi\u00e9n el rezago de m\u00e1s de 78 mil&nbsp; expedientes, que est\u00e1n estancados ante la transici\u00f3n de la reforma laboral, la desaparici\u00f3n de las Juntas de Conciliaci\u00f3n y &#8220;las mafias al interior de donde se deber\u00eda impartir justicia laboral&#8221;.&nbsp;<\/p>\n\n\n\n<p>Serna Serv\u00edn asegura que introducir m\u00e1s unidades como lo har\u00e1 el gobierno estatal con 800 camiones, no garantiza un mejor servicio, ni es el primer paso para la reestructuraci\u00f3n camionera.<\/p>\n\n\n\n<figure class=\"wp-block-video\"><video controls src=\"http:\/\/diariodigitalmx.com\/wp-content\/uploads\/2022\/01\/VID_20220114_120022.mp4\"><\/video><\/figure>\n\n\n\n<p>&#8220;No nos escuchan, no reforman las leyes, imponen, como sucedi\u00f3 con El Bronco, d\u00f3nde est\u00e1n las unidades que adquiri\u00f3, a qui\u00e9n sirven. Si no mejoran la infraestructura de calles y avenidas, de alumbrado y seguridad, nadie se atrever\u00e1 a circular con unidades carismas, no chinas como las que compr\u00f3 el Estado. Es un c\u00edrculo vicioso&#8221;, a\u00f1ade.&nbsp;<\/p>\n\n\n\n<p>A los permisionarios de la FESTA, siguen sin pagarles por el servicio de las rutas alimentadoras, s\u00f3lo dos pagos les han hecho y queda pendiente m\u00e1s de mill\u00f3n y medio de pesos.&nbsp;<\/p>\n\n\n\n<p>Censura que las autoridades del transporte sigan persiguiendo a los transportistas, que se mantenga la corrupci\u00f3n, las presiones y la recaudaci\u00f3n arbitraria. &#8220;No hay cambios, s\u00f3lo privilegios a sus amigos y nuevos socios&#8221;, a\u00f1ade.&nbsp;<\/p>\n\n\n\n<p>Osvaldo Serna refiere a la aplicaci\u00f3n de la justicia laboral, y acusa la existencia de una mafia que encabezan, dice, Ernesto Romero y Jaime Leal, que obstaculizan y corrompen.<\/p>\n\n\n\n<figure class=\"wp-block-video\"><video controls src=\"http:\/\/diariodigitalmx.com\/wp-content\/uploads\/2022\/01\/VID_20220114_115822.mp4\"><\/video><\/figure>\n\n\n\n<p>Tan s\u00f3lo la CROC tiene m\u00e1s de 200 expedientes, con un gran n\u00famero de laudos a favor, pero no atienden. &#8220;Hay una magia interna de esos dos funcionarios que est\u00e1n por encima del titular, hacen y deshacen&#8221;, reitera.&nbsp;<\/p>\n\n\n\n<p>Serna Serv\u00edn dice que hay en los dos temas citados, una bomba de tiempo, que estallar\u00e1 pronto y que obligar\u00e1 a los trabajadores a salir a las calles a protestar nuevamente.&nbsp;<\/p>\n\n\n\n<p>Hace un llamado a todo el movimiento obrero a unirse y luchar porque el nuevo gobierno estatal cumpla sus promesas, y deje la demagogia.&nbsp;<\/p>\n","protected":false},"excerpt":{"rendered":"<p>Monterrey &#8211;&nbsp; La reestructuraci\u00f3n del transporte urbano regiomontano est\u00e1 lejos mientras no se vaya a fondo, se destierre la corrupci\u00f3n y se cuente con infraestructura vial, que incluya la seguridad tambi\u00e9n, considera el secretario general de la Federaci\u00f3n Estatal de Sindicatos de Trabajadores del Autotransporte de la CROC, Osvaldo Serna Serv\u00edn. Inmerso en el movimiento [&hellip;]<\/p>\n","protected":false},"author":1,"featured_media":70334,"comment_status":"open","ping_status":"open","sticky":true,"template":"","format":"standard","meta":{"footnotes":""},"categories":[6,3],"tags":[],"_links":{"self":[{"href":"https:\/\/diariodigitalmx.com\/index.php\/wp-json\/wp\/v2\/posts\/70332"}],"collection":[{"href":"https:\/\/diariodigitalmx.com\/index.php\/wp-json\/wp\/v2\/posts"}],"about":[{"href":"https:\/\/diariodigitalmx.com\/index.php\/wp-json\/wp\/v2\/types\/post"}],"author":[{"embeddable":true,"href":"https:\/\/diariodigitalmx.com\/index.php\/wp-json\/wp\/v2\/users\/1"}],"replies":[{"embeddable":true,"href":"https:\/\/diariodigitalmx.com\/index.php\/wp-json\/wp\/v2\/comments?post=70332"}],"version-history":[{"count":3,"href":"https:\/\/diariodigitalmx.com\/index.php\/wp-json\/wp\/v2\/posts\/70332\/revisions"}],"predecessor-version":[{"id":70340,"href":"https:\/\/diariodigitalmx.com\/index.php\/wp-json\/wp\/v2\/posts\/70332\/revisions\/70340"}],"wp:featuredmedia":[{"embeddable":true,"href":"https:\/\/diariodigitalmx.com\/index.php\/wp-json\/wp\/v2\/media\/70334"}],"wp:attachment":[{"href":"https:\/\/diariodigitalmx.com\/index.php\/wp-json\/wp\/v2\/media?parent=70332"}],"wp:term":[{"taxonomy":"category","embeddable":true,"href":"https:\/\/diariodigitalmx.com\/index.php\/wp-json\/wp\/v2\/categories?post=70332"},{"taxonomy":"post_tag","embeddable":true,"href":"https:\/\/diariodigitalmx.com\/index.php\/wp-json\/wp\/v2\/tags?post=70332"}],"curies":[{"name":"wp","href":"https:\/\/api.w.org\/{rel}","templated":true}]}}