{"id":70372,"date":"2022-01-25T18:07:41","date_gmt":"2022-01-26T00:07:41","guid":{"rendered":"http:\/\/diariodigitalmx.com\/?p=70372"},"modified":"2022-01-25T18:11:46","modified_gmt":"2022-01-26T00:11:46","slug":"alfredo-adame-en-su-mejor-papel-a-golpes-contra-una-mujer","status":"publish","type":"post","link":"https:\/\/diariodigitalmx.com\/index.php\/2022\/01\/25\/alfredo-adame-en-su-mejor-papel-a-golpes-contra-una-mujer\/","title":{"rendered":"Alfredo Adame en su mejor papel, a golpes contra una mujer"},"content":{"rendered":"\n<p>*Un acompa\u00f1ante de la dama le da una tunda al actor<\/p>\n\n\n\n<figure class=\"wp-block-embed is-type-rich is-provider-twitter wp-block-embed-twitter\"><div class=\"wp-block-embed__wrapper\">\nhttps:\/\/twitter.com\/i\/status\/1486069015944601607\n<\/div><\/figure>\n\n\n\n<p>El actor Alfredo Adame est\u00e1 en medio de la pol\u00e9mica nuevamente, ya que el tambi\u00e9n conductor fue captado en una pelea callejera contra una mujer y un hombre.<\/p>\n\n\n\n<p>A trav\u00e9s de las redes sociales se difundieron las im\u00e1genes del pleito ocurrido en la v\u00eda p\u00fablica. En los videos se observa el momento en el que Alfredo Adame se acerca a un veh\u00edculo y comienza a golpearlo. Entonces una mujer se baja del auto y comienza a forcejar con Alfredo Adame.<\/p>\n\n\n\n<figure class=\"wp-block-embed is-type-rich is-provider-twitter wp-block-embed-twitter\"><div class=\"wp-block-embed__wrapper\">\n<blockquote class=\"twitter-tweet\" data-width=\"550\" data-dnt=\"true\"><p lang=\"es\" dir=\"ltr\">Bravo cobarde de porquer\u00eda jajajajaja te dejaron como una rata jajajaj tirado en la calle jajajaja <a href=\"https:\/\/twitter.com\/Televisa_Prensa?ref_src=twsrc%5Etfw\">@Televisa_Prensa<\/a> <a href=\"https:\/\/twitter.com\/Univ_espect?ref_src=twsrc%5Etfw\">@Univ_espect<\/a> <a href=\"https:\/\/twitter.com\/Azteca?ref_src=twsrc%5Etfw\">@Azteca<\/a> <a href=\"https:\/\/twitter.com\/Flor_Rubio?ref_src=twsrc%5Etfw\">@Flor_Rubio<\/a> <a href=\"https:\/\/twitter.com\/TvNorte22?ref_src=twsrc%5Etfw\">@TvNorte22<\/a> <a href=\"https:\/\/twitter.com\/TVNotasmx?ref_src=twsrc%5Etfw\">@TVNotasmx<\/a> @ <a href=\"https:\/\/t.co\/3RKy2Cafq6\">pic.twitter.com\/3RKy2Cafq6<\/a><\/p>&mdash; Carlos Trejo OFICIAL CAZAFANTASMAS (@trejo_oficial) <a href=\"https:\/\/twitter.com\/trejo_oficial\/status\/1486045994391322627?ref_src=twsrc%5Etfw\">January 25, 2022<\/a><\/blockquote><script async src=\"https:\/\/platform.twitter.com\/widgets.js\" charset=\"utf-8\"><\/script>\n<\/div><\/figure>\n\n\n\n<p>En seguida el veh\u00edculo en el que ven\u00eda mujer se queda estacionado en diagonal y de repente en la toma aparece un hombre que interviene y se lanza contra Alfredo Adame. De acuerdo con los reportes en redes, el sujeto ven\u00eda acompa\u00f1ando a la mujer.<\/p>\n\n\n\n<p>En otro video se puede ver a Alfredo Adame pidi\u00e9ndole a la mujer que le devuelva su tel\u00e9fono, por su parte ella sostiene el celular con una mano en la espalda y con la otra mano graba a Alfredo Adame.<\/p>\n","protected":false},"excerpt":{"rendered":"<p>*Un acompa\u00f1ante de la dama le da una tunda al actor El actor Alfredo Adame est\u00e1 en medio de la pol\u00e9mica nuevamente, ya que el tambi\u00e9n conductor fue captado en una pelea callejera contra una mujer y un hombre. A trav\u00e9s de las redes sociales se difundieron las im\u00e1genes del pleito ocurrido en la v\u00eda [&hellip;]<\/p>\n","protected":false},"author":1,"featured_media":70374,"comment_status":"open","ping_status":"open","sticky":true,"template":"","format":"standard","meta":{"footnotes":""},"categories":[14,9],"tags":[],"_links":{"self":[{"href":"https:\/\/diariodigitalmx.com\/index.php\/wp-json\/wp\/v2\/posts\/70372"}],"collection":[{"href":"https:\/\/diariodigitalmx.com\/index.php\/wp-json\/wp\/v2\/posts"}],"about":[{"href":"https:\/\/diariodigitalmx.com\/index.php\/wp-json\/wp\/v2\/types\/post"}],"author":[{"embeddable":true,"href":"https:\/\/diariodigitalmx.com\/index.php\/wp-json\/wp\/v2\/users\/1"}],"replies":[{"embeddable":true,"href":"https:\/\/diariodigitalmx.com\/index.php\/wp-json\/wp\/v2\/comments?post=70372"}],"version-history":[{"count":3,"href":"https:\/\/diariodigitalmx.com\/index.php\/wp-json\/wp\/v2\/posts\/70372\/revisions"}],"predecessor-version":[{"id":70376,"href":"https:\/\/diariodigitalmx.com\/index.php\/wp-json\/wp\/v2\/posts\/70372\/revisions\/70376"}],"wp:featuredmedia":[{"embeddable":true,"href":"https:\/\/diariodigitalmx.com\/index.php\/wp-json\/wp\/v2\/media\/70374"}],"wp:attachment":[{"href":"https:\/\/diariodigitalmx.com\/index.php\/wp-json\/wp\/v2\/media?parent=70372"}],"wp:term":[{"taxonomy":"category","embeddable":true,"href":"https:\/\/diariodigitalmx.com\/index.php\/wp-json\/wp\/v2\/categories?post=70372"},{"taxonomy":"post_tag","embeddable":true,"href":"https:\/\/diariodigitalmx.com\/index.php\/wp-json\/wp\/v2\/tags?post=70372"}],"curies":[{"name":"wp","href":"https:\/\/api.w.org\/{rel}","templated":true}]}}