{"id":70395,"date":"2022-01-25T23:02:55","date_gmt":"2022-01-26T05:02:55","guid":{"rendered":"http:\/\/diariodigitalmx.com\/?p=70395"},"modified":"2022-01-25T23:09:46","modified_gmt":"2022-01-26T05:09:46","slug":"increible-la-boca-insalubre-mas-de-70-toneladas-de-desechos-han-extraido-las-cuadrillas-de-santiago","status":"publish","type":"post","link":"https:\/\/diariodigitalmx.com\/index.php\/2022\/01\/25\/increible-la-boca-insalubre-mas-de-70-toneladas-de-desechos-han-extraido-las-cuadrillas-de-santiago\/","title":{"rendered":"Incre\u00edble, La Boca insalubre, m\u00e1s de 70 toneladas de desechos han extra\u00eddo las cuadrillas de Santiago"},"content":{"rendered":"\n<p>Santiago, N. L-Con la falta de lluvias, la presa Rodrigo G\u00f3mez baj\u00f3 dr\u00e1sticamente sus niveles, lo que aprovechan las autoridades locales para hacer una limpieza donde han recolectado m\u00e1s de 70 toneladas de desechos, entre ellos decenas de llantas y hasta un veh\u00edculo y viejas lanchas.<\/p>\n\n\n\n<figure class=\"wp-block-image size-large\"><img loading=\"lazy\" decoding=\"async\" width=\"1024\" height=\"683\" src=\"http:\/\/diariodigitalmx.com\/wp-content\/uploads\/2022\/01\/FB_IMG_1643172819733-1024x683.jpg\" alt=\"\" class=\"wp-image-70400\" srcset=\"https:\/\/diariodigitalmx.com\/wp-content\/uploads\/2022\/01\/FB_IMG_1643172819733-1024x683.jpg 1024w, https:\/\/diariodigitalmx.com\/wp-content\/uploads\/2022\/01\/FB_IMG_1643172819733-300x200.jpg 300w, https:\/\/diariodigitalmx.com\/wp-content\/uploads\/2022\/01\/FB_IMG_1643172819733-768x512.jpg 768w, https:\/\/diariodigitalmx.com\/wp-content\/uploads\/2022\/01\/FB_IMG_1643172819733.jpg 1080w\" sizes=\"(max-width: 1024px) 100vw, 1024px\" \/><\/figure>\n\n\n\n<p>Conocida como La Boca, la presa de 35 millones de metros c\u00fabicos de capacidad, est\u00e1 ahora a un 29 por ciento, mientras grandes extensiones de tierra que estuvieron por d\u00e9cadas cubiertas de agua, ahora dejan observar desechos y hasta lo que alguna vez fue una construcci\u00f3n y una alberca.<\/p>\n\n\n\n<figure class=\"wp-block-gallery columns-3 is-cropped wp-block-gallery-1 is-layout-flex wp-block-gallery-is-layout-flex\"><ul class=\"blocks-gallery-grid\"><li class=\"blocks-gallery-item\"><figure><img loading=\"lazy\" decoding=\"async\" width=\"1024\" height=\"683\" src=\"http:\/\/diariodigitalmx.com\/wp-content\/uploads\/2022\/01\/FB_IMG_1643172817338-1024x683.jpg\" alt=\"\" data-id=\"70403\" data-full-url=\"http:\/\/diariodigitalmx.com\/wp-content\/uploads\/2022\/01\/FB_IMG_1643172817338.jpg\" data-link=\"http:\/\/diariodigitalmx.com\/index.php\/2022\/01\/25\/increible-la-boca-insalubre-mas-de-70-toneladas-de-desechos-han-extraido-las-cuadrillas-de-santiago\/fb_img_1643172817338\/\" class=\"wp-image-70403\" srcset=\"https:\/\/diariodigitalmx.com\/wp-content\/uploads\/2022\/01\/FB_IMG_1643172817338-1024x683.jpg 1024w, https:\/\/diariodigitalmx.com\/wp-content\/uploads\/2022\/01\/FB_IMG_1643172817338-300x200.jpg 300w, https:\/\/diariodigitalmx.com\/wp-content\/uploads\/2022\/01\/FB_IMG_1643172817338-768x512.jpg 768w, https:\/\/diariodigitalmx.com\/wp-content\/uploads\/2022\/01\/FB_IMG_1643172817338.jpg 1080w\" sizes=\"(max-width: 1024px) 100vw, 1024px\" \/><\/figure><\/li><li class=\"blocks-gallery-item\"><figure><img loading=\"lazy\" decoding=\"async\" width=\"1024\" height=\"576\" src=\"http:\/\/diariodigitalmx.com\/wp-content\/uploads\/2022\/01\/FB_IMG_1642628591751-1024x576.jpg\" alt=\"\" data-id=\"70404\" data-full-url=\"http:\/\/diariodigitalmx.com\/wp-content\/uploads\/2022\/01\/FB_IMG_1642628591751.jpg\" data-link=\"http:\/\/diariodigitalmx.com\/index.php\/2022\/01\/25\/increible-la-boca-insalubre-mas-de-70-toneladas-de-desechos-han-extraido-las-cuadrillas-de-santiago\/fb_img_1642628591751\/\" class=\"wp-image-70404\" srcset=\"https:\/\/diariodigitalmx.com\/wp-content\/uploads\/2022\/01\/FB_IMG_1642628591751-1024x576.jpg 1024w, https:\/\/diariodigitalmx.com\/wp-content\/uploads\/2022\/01\/FB_IMG_1642628591751-300x169.jpg 300w, https:\/\/diariodigitalmx.com\/wp-content\/uploads\/2022\/01\/FB_IMG_1642628591751-768x432.jpg 768w, https:\/\/diariodigitalmx.com\/wp-content\/uploads\/2022\/01\/FB_IMG_1642628591751.jpg 1080w\" sizes=\"(max-width: 1024px) 100vw, 1024px\" \/><\/figure><\/li><li class=\"blocks-gallery-item\"><figure><img loading=\"lazy\" decoding=\"async\" width=\"1024\" height=\"683\" src=\"http:\/\/diariodigitalmx.com\/wp-content\/uploads\/2022\/01\/FB_IMG_1642628425007-1024x683.jpg\" alt=\"\" data-id=\"70405\" data-full-url=\"http:\/\/diariodigitalmx.com\/wp-content\/uploads\/2022\/01\/FB_IMG_1642628425007.jpg\" data-link=\"http:\/\/diariodigitalmx.com\/index.php\/2022\/01\/25\/increible-la-boca-insalubre-mas-de-70-toneladas-de-desechos-han-extraido-las-cuadrillas-de-santiago\/fb_img_1642628425007\/\" class=\"wp-image-70405\" srcset=\"https:\/\/diariodigitalmx.com\/wp-content\/uploads\/2022\/01\/FB_IMG_1642628425007-1024x683.jpg 1024w, https:\/\/diariodigitalmx.com\/wp-content\/uploads\/2022\/01\/FB_IMG_1642628425007-300x200.jpg 300w, https:\/\/diariodigitalmx.com\/wp-content\/uploads\/2022\/01\/FB_IMG_1642628425007-768x512.jpg 768w, https:\/\/diariodigitalmx.com\/wp-content\/uploads\/2022\/01\/FB_IMG_1642628425007.jpg 1080w\" sizes=\"(max-width: 1024px) 100vw, 1024px\" \/><\/figure><\/li><\/ul><\/figure>\n\n\n\n<p>Se ubica en el pueblo m\u00e1gico de Santiago, a unos 30 kil\u00f3metros al sur de Monterrey, y al&nbsp; Alcalde David de la Pe\u00f1a Marroqu\u00edn, le preocupa el problema, pide el apoyo de la Federaci\u00f3n y del Estado para trabajar en conjunto en una soluci\u00f3n.&nbsp;<\/p>\n\n\n\n<p>Ha propuesto primero, desazolvar el vaso para que siga sirviendo a la zona metropolitana de Monterrey y a los santiaguenses, y aprovecha el bajo nivel para un operativo de limpieza en el que han recolectado m\u00e1s de 70 toneladas de desperdicios.<\/p>\n\n\n\n<figure class=\"wp-block-image size-large\"><img loading=\"lazy\" decoding=\"async\" width=\"1024\" height=\"683\" src=\"http:\/\/diariodigitalmx.com\/wp-content\/uploads\/2022\/01\/FB_IMG_1642628363444-1-1024x683.jpg\" alt=\"\" class=\"wp-image-70407\" srcset=\"https:\/\/diariodigitalmx.com\/wp-content\/uploads\/2022\/01\/FB_IMG_1642628363444-1-1024x683.jpg 1024w, https:\/\/diariodigitalmx.com\/wp-content\/uploads\/2022\/01\/FB_IMG_1642628363444-1-300x200.jpg 300w, https:\/\/diariodigitalmx.com\/wp-content\/uploads\/2022\/01\/FB_IMG_1642628363444-1-768x512.jpg 768w, https:\/\/diariodigitalmx.com\/wp-content\/uploads\/2022\/01\/FB_IMG_1642628363444-1.jpg 1080w\" sizes=\"(max-width: 1024px) 100vw, 1024px\" \/><\/figure>\n\n\n\n<p>La sorpresa es que grandes cantidades de llantas de veh\u00edculos han sido encontradas en los desechos.&nbsp;<\/p>\n\n\n\n<p>\u00a0&#8220;Debemos hacer de la crisis una oportunidad y aprovechar el momento que vive nuestro embalse para darle m\u00e1s a\u00f1os de vida y que sus aguas puedan seguir siendo utilizables para el consumo humano. Si el desazolve es una operaci\u00f3n costosa, el dragado es una acci\u00f3n impensable por la enorme cantidad de recursos que requiere&#8221;, dice De la Pe\u00f1a.<\/p>\n\n\n\n<figure class=\"wp-block-image size-large\"><img loading=\"lazy\" decoding=\"async\" width=\"1024\" height=\"576\" src=\"http:\/\/diariodigitalmx.com\/wp-content\/uploads\/2022\/01\/FB_IMG_1642628594913-1-1024x576.jpg\" alt=\"\" class=\"wp-image-70409\" srcset=\"https:\/\/diariodigitalmx.com\/wp-content\/uploads\/2022\/01\/FB_IMG_1642628594913-1-1024x576.jpg 1024w, https:\/\/diariodigitalmx.com\/wp-content\/uploads\/2022\/01\/FB_IMG_1642628594913-1-300x169.jpg 300w, https:\/\/diariodigitalmx.com\/wp-content\/uploads\/2022\/01\/FB_IMG_1642628594913-1-768x432.jpg 768w, https:\/\/diariodigitalmx.com\/wp-content\/uploads\/2022\/01\/FB_IMG_1642628594913-1.jpg 1080w\" sizes=\"(max-width: 1024px) 100vw, 1024px\" \/><\/figure>\n\n\n\n<p>La presa Rodrigo G\u00f3mez, inaugurada en 1963\u00a0 ha atravesado crisis profundas de abasto en su historia, pero nunca como hoy, en que se seca paulatinamente frente a la crisis del agua.<\/p>\n\n\n\n<figure class=\"wp-block-image size-large\"><img loading=\"lazy\" decoding=\"async\" width=\"1024\" height=\"576\" src=\"http:\/\/diariodigitalmx.com\/wp-content\/uploads\/2022\/01\/FB_IMG_1642628478892-1024x576.jpg\" alt=\"\" class=\"wp-image-70411\" srcset=\"https:\/\/diariodigitalmx.com\/wp-content\/uploads\/2022\/01\/FB_IMG_1642628478892-1024x576.jpg 1024w, https:\/\/diariodigitalmx.com\/wp-content\/uploads\/2022\/01\/FB_IMG_1642628478892-300x169.jpg 300w, https:\/\/diariodigitalmx.com\/wp-content\/uploads\/2022\/01\/FB_IMG_1642628478892-768x432.jpg 768w, https:\/\/diariodigitalmx.com\/wp-content\/uploads\/2022\/01\/FB_IMG_1642628478892.jpg 1080w\" sizes=\"(max-width: 1024px) 100vw, 1024px\" \/><\/figure>\n\n\n\n<p>De la Pe\u00f1a y su equipo municipal tambi\u00e9n iniciaron la limpieza del r\u00edo La Chueca que desemboca en la presa.&nbsp;<\/p>\n\n\n\n<p>Aqu\u00ed en Santiago, los regios tienen sus casas de campo, quintas y lo han convertido en un municipio tur\u00edstico.<\/p>\n\n\n\n<p><\/p>\n","protected":false},"excerpt":{"rendered":"<p>Santiago, N. L-Con la falta de lluvias, la presa Rodrigo G\u00f3mez baj\u00f3 dr\u00e1sticamente sus niveles, lo que aprovechan las autoridades locales para hacer una limpieza donde han recolectado m\u00e1s de 70 toneladas de desechos, entre ellos decenas de llantas y hasta un veh\u00edculo y viejas lanchas. Conocida como La Boca, la presa de 35 millones [&hellip;]<\/p>\n","protected":false},"author":1,"featured_media":70399,"comment_status":"open","ping_status":"open","sticky":true,"template":"","format":"standard","meta":{"footnotes":""},"categories":[6,3],"tags":[],"_links":{"self":[{"href":"https:\/\/diariodigitalmx.com\/index.php\/wp-json\/wp\/v2\/posts\/70395"}],"collection":[{"href":"https:\/\/diariodigitalmx.com\/index.php\/wp-json\/wp\/v2\/posts"}],"about":[{"href":"https:\/\/diariodigitalmx.com\/index.php\/wp-json\/wp\/v2\/types\/post"}],"author":[{"embeddable":true,"href":"https:\/\/diariodigitalmx.com\/index.php\/wp-json\/wp\/v2\/users\/1"}],"replies":[{"embeddable":true,"href":"https:\/\/diariodigitalmx.com\/index.php\/wp-json\/wp\/v2\/comments?post=70395"}],"version-history":[{"count":7,"href":"https:\/\/diariodigitalmx.com\/index.php\/wp-json\/wp\/v2\/posts\/70395\/revisions"}],"predecessor-version":[{"id":70412,"href":"https:\/\/diariodigitalmx.com\/index.php\/wp-json\/wp\/v2\/posts\/70395\/revisions\/70412"}],"wp:featuredmedia":[{"embeddable":true,"href":"https:\/\/diariodigitalmx.com\/index.php\/wp-json\/wp\/v2\/media\/70399"}],"wp:attachment":[{"href":"https:\/\/diariodigitalmx.com\/index.php\/wp-json\/wp\/v2\/media?parent=70395"}],"wp:term":[{"taxonomy":"category","embeddable":true,"href":"https:\/\/diariodigitalmx.com\/index.php\/wp-json\/wp\/v2\/categories?post=70395"},{"taxonomy":"post_tag","embeddable":true,"href":"https:\/\/diariodigitalmx.com\/index.php\/wp-json\/wp\/v2\/tags?post=70395"}],"curies":[{"name":"wp","href":"https:\/\/api.w.org\/{rel}","templated":true}]}}