{"id":70413,"date":"2022-01-26T01:19:47","date_gmt":"2022-01-26T07:19:47","guid":{"rendered":"http:\/\/diariodigitalmx.com\/?p=70413"},"modified":"2022-01-26T01:25:38","modified_gmt":"2022-01-26T07:25:38","slug":"70413","status":"publish","type":"post","link":"https:\/\/diariodigitalmx.com\/index.php\/2022\/01\/26\/70413\/","title":{"rendered":"Periodistas de NL se suman a la protesta nacional del gremio"},"content":{"rendered":"\n<p>*Demandan justicia en la muerte de periodistas <\/p>\n\n\n\n<p>Walter Elizondo&nbsp;<\/p>\n\n\n\n<p>Monterrey &#8211;&nbsp; Periodistas de Nuevo Le\u00f3n condenaron los asesinatos de la periodista Mar\u00eda de Lourdes Maldonado L\u00f3pez y del fotoperiodista Margarito Mart\u00ednez Esquivel, perpetrados en la ciudad de Tijuana, Baja&nbsp; California, y de Jos\u00e9 Luis Gamboa, en Veracruz en este 2022.<\/p>\n\n\n\n<figure class=\"wp-block-image size-large\"><img loading=\"lazy\" decoding=\"async\" width=\"1024\" height=\"769\" src=\"http:\/\/diariodigitalmx.com\/wp-content\/uploads\/2022\/01\/IMG-20220125-WA0033-1024x769.jpg\" alt=\"\" class=\"wp-image-70419\" srcset=\"https:\/\/diariodigitalmx.com\/wp-content\/uploads\/2022\/01\/IMG-20220125-WA0033-1024x769.jpg 1024w, https:\/\/diariodigitalmx.com\/wp-content\/uploads\/2022\/01\/IMG-20220125-WA0033-300x225.jpg 300w, https:\/\/diariodigitalmx.com\/wp-content\/uploads\/2022\/01\/IMG-20220125-WA0033-768x577.jpg 768w, https:\/\/diariodigitalmx.com\/wp-content\/uploads\/2022\/01\/IMG-20220125-WA0033.jpg 1280w\" sizes=\"(max-width: 1024px) 100vw, 1024px\" \/><\/figure>\n\n\n\n<p>&#8220;Cada agresi\u00f3n a un periodista es un ataque directo a la Libertad de Expresi\u00f3n que ejercemos en representaci\u00f3n de la Sociedad y los tres niveles de Gobierno deben garantizar ese libre ejercicio, para los comunicadores y la poblaci\u00f3n en general&#8221;, dijeron ante el monumento a la Libertad de Expresi\u00f3n, en la Gran Plaza.<\/p>\n\n\n\n<figure class=\"wp-block-image size-large\"><img loading=\"lazy\" decoding=\"async\" width=\"1024\" height=\"769\" src=\"http:\/\/diariodigitalmx.com\/wp-content\/uploads\/2022\/01\/IMG-20220125-WA0032-1024x769.jpg\" alt=\"\" class=\"wp-image-70421\" srcset=\"https:\/\/diariodigitalmx.com\/wp-content\/uploads\/2022\/01\/IMG-20220125-WA0032-1024x769.jpg 1024w, https:\/\/diariodigitalmx.com\/wp-content\/uploads\/2022\/01\/IMG-20220125-WA0032-300x225.jpg 300w, https:\/\/diariodigitalmx.com\/wp-content\/uploads\/2022\/01\/IMG-20220125-WA0032-768x577.jpg 768w, https:\/\/diariodigitalmx.com\/wp-content\/uploads\/2022\/01\/IMG-20220125-WA0032.jpg 1280w\" sizes=\"(max-width: 1024px) 100vw, 1024px\" \/><\/figure>\n\n\n\n<p>Tambi\u00e9n colocaron una ofrenda floral representantes de las organizaciones de periodistas: Periodistas de Nuevo Le\u00f3n, &#8220;Jos\u00e9 Alvarado&#8221;, que preside Francisco Z\u00fa\u00f1iga; Red de Periodistas del Noreste, que encabeza Melva Frutos Ayala, y&nbsp; Jes\u00fas Oscar Gonz\u00e1lez, del Colegio de Comunicaci\u00f3n y Periodismo de Nuevo Le\u00f3n (en formaci\u00f3n).<\/p>\n\n\n\n<figure class=\"wp-block-image size-large\"><img loading=\"lazy\" decoding=\"async\" width=\"768\" height=\"1024\" src=\"http:\/\/diariodigitalmx.com\/wp-content\/uploads\/2022\/01\/IMG-20220125-WA0027-768x1024.jpg\" alt=\"\" class=\"wp-image-70423\" srcset=\"https:\/\/diariodigitalmx.com\/wp-content\/uploads\/2022\/01\/IMG-20220125-WA0027-768x1024.jpg 768w, https:\/\/diariodigitalmx.com\/wp-content\/uploads\/2022\/01\/IMG-20220125-WA0027-225x300.jpg 225w, https:\/\/diariodigitalmx.com\/wp-content\/uploads\/2022\/01\/IMG-20220125-WA0027.jpg 960w\" sizes=\"(max-width: 768px) 100vw, 768px\" \/><\/figure>\n\n\n\n<p>Exigieron justicia, esclarecimiento de los cr\u00edmenes, castigo al o los responsables, y demandaron alto al discurso de odio hacia los periodistas y que se impulsa desde Palacio Nacional.<\/p>\n\n\n\n<figure class=\"wp-block-image size-large\"><img loading=\"lazy\" decoding=\"async\" width=\"1024\" height=\"768\" src=\"http:\/\/diariodigitalmx.com\/wp-content\/uploads\/2022\/01\/IMG-20220125-WA0036-1024x768.jpg\" alt=\"\" class=\"wp-image-70428\" srcset=\"https:\/\/diariodigitalmx.com\/wp-content\/uploads\/2022\/01\/IMG-20220125-WA0036-1024x768.jpg 1024w, https:\/\/diariodigitalmx.com\/wp-content\/uploads\/2022\/01\/IMG-20220125-WA0036-300x225.jpg 300w, https:\/\/diariodigitalmx.com\/wp-content\/uploads\/2022\/01\/IMG-20220125-WA0036-768x576.jpg 768w, https:\/\/diariodigitalmx.com\/wp-content\/uploads\/2022\/01\/IMG-20220125-WA0036.jpg 1280w\" sizes=\"(max-width: 1024px) 100vw, 1024px\" \/><\/figure>\n\n\n\n<p>De esta manera, los periodistas de Nuevo Le\u00f3n se unieron a la movilizaci\u00f3n a nivel nacional y realizaron una protesta pac\u00edfica. <\/p>\n\n\n\n<p>&#8220;La seguridad de las, les y los periodistas tambi\u00e9n es responsabilidad del Estado, y nos debe de garantizar todas las condiciones para ejercer nuestra labor sin que nuestra vida corra peligro&#8221;, se\u00f1al\u00f3 Francisco Z\u00fa\u00f1iga.<\/p>\n\n\n\n<figure class=\"wp-block-image size-large\"><img loading=\"lazy\" decoding=\"async\" width=\"1024\" height=\"768\" src=\"http:\/\/diariodigitalmx.com\/wp-content\/uploads\/2022\/01\/IMG-20220125-WA0035-1024x768.jpg\" alt=\"\" class=\"wp-image-70425\" srcset=\"https:\/\/diariodigitalmx.com\/wp-content\/uploads\/2022\/01\/IMG-20220125-WA0035-1024x768.jpg 1024w, https:\/\/diariodigitalmx.com\/wp-content\/uploads\/2022\/01\/IMG-20220125-WA0035-300x225.jpg 300w, https:\/\/diariodigitalmx.com\/wp-content\/uploads\/2022\/01\/IMG-20220125-WA0035-768x576.jpg 768w, https:\/\/diariodigitalmx.com\/wp-content\/uploads\/2022\/01\/IMG-20220125-WA0035.jpg 1280w\" sizes=\"(max-width: 1024px) 100vw, 1024px\" \/><\/figure>\n\n\n\n<p>A su vez, Alfonso Teja expuso que el gremio ve con rabia e indignaci\u00f3n que los cr\u00edmenes contra periodistas siguen en la impunidad.<\/p>\n\n\n\n<p>&#8220;Demandamos el inmediato esclarecimiento de los asesinatos de todas y todos los periodistas. Exigimos justicia para nuestros colegas y sus familias. No m\u00e1s periodistas asesinados. No m\u00e1s periodistas desaparecidos&#8221;, exigieron.<\/p>\n","protected":false},"excerpt":{"rendered":"<p>*Demandan justicia en la muerte de periodistas Walter Elizondo&nbsp; Monterrey &#8211;&nbsp; Periodistas de Nuevo Le\u00f3n condenaron los asesinatos de la periodista Mar\u00eda de Lourdes Maldonado L\u00f3pez y del fotoperiodista Margarito Mart\u00ednez Esquivel, perpetrados en la ciudad de Tijuana, Baja&nbsp; California, y de Jos\u00e9 Luis Gamboa, en Veracruz en este 2022. &#8220;Cada agresi\u00f3n a un periodista [&hellip;]<\/p>\n","protected":false},"author":1,"featured_media":70416,"comment_status":"open","ping_status":"open","sticky":true,"template":"","format":"standard","meta":{"footnotes":""},"categories":[6,3],"tags":[],"_links":{"self":[{"href":"https:\/\/diariodigitalmx.com\/index.php\/wp-json\/wp\/v2\/posts\/70413"}],"collection":[{"href":"https:\/\/diariodigitalmx.com\/index.php\/wp-json\/wp\/v2\/posts"}],"about":[{"href":"https:\/\/diariodigitalmx.com\/index.php\/wp-json\/wp\/v2\/types\/post"}],"author":[{"embeddable":true,"href":"https:\/\/diariodigitalmx.com\/index.php\/wp-json\/wp\/v2\/users\/1"}],"replies":[{"embeddable":true,"href":"https:\/\/diariodigitalmx.com\/index.php\/wp-json\/wp\/v2\/comments?post=70413"}],"version-history":[{"count":10,"href":"https:\/\/diariodigitalmx.com\/index.php\/wp-json\/wp\/v2\/posts\/70413\/revisions"}],"predecessor-version":[{"id":70430,"href":"https:\/\/diariodigitalmx.com\/index.php\/wp-json\/wp\/v2\/posts\/70413\/revisions\/70430"}],"wp:featuredmedia":[{"embeddable":true,"href":"https:\/\/diariodigitalmx.com\/index.php\/wp-json\/wp\/v2\/media\/70416"}],"wp:attachment":[{"href":"https:\/\/diariodigitalmx.com\/index.php\/wp-json\/wp\/v2\/media?parent=70413"}],"wp:term":[{"taxonomy":"category","embeddable":true,"href":"https:\/\/diariodigitalmx.com\/index.php\/wp-json\/wp\/v2\/categories?post=70413"},{"taxonomy":"post_tag","embeddable":true,"href":"https:\/\/diariodigitalmx.com\/index.php\/wp-json\/wp\/v2\/tags?post=70413"}],"curies":[{"name":"wp","href":"https:\/\/api.w.org\/{rel}","templated":true}]}}