{"id":70461,"date":"2022-01-26T16:22:50","date_gmt":"2022-01-26T22:22:50","guid":{"rendered":"http:\/\/diariodigitalmx.com\/?p=70461"},"modified":"2022-01-26T16:27:57","modified_gmt":"2022-01-26T22:27:57","slug":"en-escobedo-un-nuevo-parque-lineal-ahora-en-concordia","status":"publish","type":"post","link":"https:\/\/diariodigitalmx.com\/index.php\/2022\/01\/26\/en-escobedo-un-nuevo-parque-lineal-ahora-en-concordia\/","title":{"rendered":"En Escobedo, un nuevo parque lineal, ahora en Concordia"},"content":{"rendered":"\n<figure class=\"wp-block-video\"><video controls src=\"http:\/\/diariodigitalmx.com\/wp-content\/uploads\/2022\/01\/ARRANQUE-PARQUE-LINEAL-AV.-CONCORDIA-MEDIOS-ASPECTOS.mp4\"><\/video><\/figure>\n\n\n\n<p>*Convivencia y activaci\u00f3n f\u00edsica de las familias&nbsp;<\/p>\n\n\n\n<p>El Municipio de Escobedo inici\u00f3 la construcci\u00f3n de un Parque Lineal m\u00e1s, el cual estar\u00e1 ubicado en la Avenida Concordia, entre Carretera a Laredo y Avenida Rep\u00fablica Mexicana.<\/p>\n\n\n\n<p>El Alcalde Andr\u00e9s Mijes dijo que, con este nuevo Parque Lineal, el Gobierno Municipal busca proporcionar a los ciudadanos espacios p\u00fablicos que contribuyan a mejorar su calidad de vida.<\/p>\n\n\n\n<figure class=\"wp-block-image size-large\"><img loading=\"lazy\" decoding=\"async\" width=\"1024\" height=\"683\" src=\"http:\/\/diariodigitalmx.com\/wp-content\/uploads\/2022\/01\/IMG_7088-1024x683.jpg\" alt=\"\" class=\"wp-image-70465\" srcset=\"https:\/\/diariodigitalmx.com\/wp-content\/uploads\/2022\/01\/IMG_7088-1024x683.jpg 1024w, https:\/\/diariodigitalmx.com\/wp-content\/uploads\/2022\/01\/IMG_7088-300x200.jpg 300w, https:\/\/diariodigitalmx.com\/wp-content\/uploads\/2022\/01\/IMG_7088-768x512.jpg 768w, https:\/\/diariodigitalmx.com\/wp-content\/uploads\/2022\/01\/IMG_7088-1536x1024.jpg 1536w, https:\/\/diariodigitalmx.com\/wp-content\/uploads\/2022\/01\/IMG_7088-2048x1365.jpg 2048w\" sizes=\"(max-width: 1024px) 100vw, 1024px\" \/><\/figure>\n\n\n\n<p>La obra tiene una longitud de 1.6 kil\u00f3metros y una superficie de m\u00e1s de dos hect\u00e1reas.<\/p>\n\n\n\n<p>Este espacio estar\u00e1 equipado con andadores de concreto, ciclov\u00eda, cruces peatonales, alumbrado, bancas, arborizaci\u00f3n y jardiner\u00eda ornamental.<\/p>\n\n\n\n<figure class=\"wp-block-image size-large\"><img loading=\"lazy\" decoding=\"async\" width=\"1024\" height=\"683\" src=\"http:\/\/diariodigitalmx.com\/wp-content\/uploads\/2022\/01\/IMG_7152-1024x683.jpg\" alt=\"\" class=\"wp-image-70467\" srcset=\"https:\/\/diariodigitalmx.com\/wp-content\/uploads\/2022\/01\/IMG_7152-1024x683.jpg 1024w, https:\/\/diariodigitalmx.com\/wp-content\/uploads\/2022\/01\/IMG_7152-300x200.jpg 300w, https:\/\/diariodigitalmx.com\/wp-content\/uploads\/2022\/01\/IMG_7152-768x512.jpg 768w, https:\/\/diariodigitalmx.com\/wp-content\/uploads\/2022\/01\/IMG_7152-1536x1024.jpg 1536w, https:\/\/diariodigitalmx.com\/wp-content\/uploads\/2022\/01\/IMG_7152-2048x1365.jpg 2048w\" sizes=\"(max-width: 1024px) 100vw, 1024px\" \/><\/figure>\n\n\n\n<p>Mijes, en compa\u00f1\u00eda de vecinos del sector y representantes empresariales supervis\u00f3 los trabajos que se realizan en la zona, y particip\u00f3 en la plantaci\u00f3n de uno de los 150 \u00e1rboles de la regi\u00f3n que se colocar\u00e1n en el lugar.<\/p>\n\n\n\n<figure class=\"wp-block-image size-large\"><img loading=\"lazy\" decoding=\"async\" width=\"1024\" height=\"683\" src=\"http:\/\/diariodigitalmx.com\/wp-content\/uploads\/2022\/01\/IMG_7121-1024x683.jpg\" alt=\"\" class=\"wp-image-70470\" srcset=\"https:\/\/diariodigitalmx.com\/wp-content\/uploads\/2022\/01\/IMG_7121-1024x683.jpg 1024w, https:\/\/diariodigitalmx.com\/wp-content\/uploads\/2022\/01\/IMG_7121-300x200.jpg 300w, https:\/\/diariodigitalmx.com\/wp-content\/uploads\/2022\/01\/IMG_7121-768x512.jpg 768w, https:\/\/diariodigitalmx.com\/wp-content\/uploads\/2022\/01\/IMG_7121-1536x1024.jpg 1536w, https:\/\/diariodigitalmx.com\/wp-content\/uploads\/2022\/01\/IMG_7121-2048x1365.jpg 2048w\" sizes=\"(max-width: 1024px) 100vw, 1024px\" \/><\/figure>\n\n\n\n<p>\u201cEs una obra que nos comprometimos durante la campa\u00f1a realizar para beneficio de toda esta zona oriente de la Ciudad, vamos a sembrar \u00e1rboles y le vamos a dar una nueva fisionom\u00eda a este camell\u00f3n de la Avenida Concordia\u201d.&nbsp;<\/p>\n\n\n\n<p>Agreg\u00f3 que la Administraci\u00f3n busca acercar m\u00e1s a los escobedenses a los espacios p\u00fablicos para la convivencia, la recreaci\u00f3n y la activaci\u00f3n f\u00edsica.<\/p>\n\n\n\n<figure class=\"wp-block-image size-large\"><img loading=\"lazy\" decoding=\"async\" width=\"1024\" height=\"683\" src=\"http:\/\/diariodigitalmx.com\/wp-content\/uploads\/2022\/01\/IMG_7165-1024x683.jpg\" alt=\"\" class=\"wp-image-70472\" srcset=\"https:\/\/diariodigitalmx.com\/wp-content\/uploads\/2022\/01\/IMG_7165-1024x683.jpg 1024w, https:\/\/diariodigitalmx.com\/wp-content\/uploads\/2022\/01\/IMG_7165-300x200.jpg 300w, https:\/\/diariodigitalmx.com\/wp-content\/uploads\/2022\/01\/IMG_7165-768x512.jpg 768w, https:\/\/diariodigitalmx.com\/wp-content\/uploads\/2022\/01\/IMG_7165-1536x1024.jpg 1536w, https:\/\/diariodigitalmx.com\/wp-content\/uploads\/2022\/01\/IMG_7165-2048x1365.jpg 2048w\" sizes=\"(max-width: 1024px) 100vw, 1024px\" \/><\/figure>\n\n\n\n<p>\u201cEste es un parque m\u00e1s para que haya zonas de diversi\u00f3n y esparcimiento para las familias de Escobedo, la idea es que despu\u00e9s podamos conectarlo con el parque de la Avenida Rep\u00fablica Mexicana\u201d.&nbsp;&nbsp;<\/p>\n\n\n\n<p>Durante el arranque, estuvieron presentes Jonathan Misrachi, Director General de Nexxus; Rosalinda Fern\u00e1ndez, y Ren\u00e9 Cant\u00fa, de OXXO; as\u00ed como Ignacio Hierro G\u00f3mez, Secretario de Desarrollo Urbano y Movilidad, y Rolando R\u00edos Maldonado, Titular de la Secretar\u00eda de Medio Ambiente de Escobedo&nbsp;<\/p>\n","protected":false},"excerpt":{"rendered":"<p>*Convivencia y activaci\u00f3n f\u00edsica de las familias&nbsp; El Municipio de Escobedo inici\u00f3 la construcci\u00f3n de un Parque Lineal m\u00e1s, el cual estar\u00e1 ubicado en la Avenida Concordia, entre Carretera a Laredo y Avenida Rep\u00fablica Mexicana. El Alcalde Andr\u00e9s Mijes dijo que, con este nuevo Parque Lineal, el Gobierno Municipal busca proporcionar a los ciudadanos espacios [&hellip;]<\/p>\n","protected":false},"author":1,"featured_media":70463,"comment_status":"open","ping_status":"open","sticky":true,"template":"","format":"standard","meta":{"footnotes":""},"categories":[6,5],"tags":[],"_links":{"self":[{"href":"https:\/\/diariodigitalmx.com\/index.php\/wp-json\/wp\/v2\/posts\/70461"}],"collection":[{"href":"https:\/\/diariodigitalmx.com\/index.php\/wp-json\/wp\/v2\/posts"}],"about":[{"href":"https:\/\/diariodigitalmx.com\/index.php\/wp-json\/wp\/v2\/types\/post"}],"author":[{"embeddable":true,"href":"https:\/\/diariodigitalmx.com\/index.php\/wp-json\/wp\/v2\/users\/1"}],"replies":[{"embeddable":true,"href":"https:\/\/diariodigitalmx.com\/index.php\/wp-json\/wp\/v2\/comments?post=70461"}],"version-history":[{"count":7,"href":"https:\/\/diariodigitalmx.com\/index.php\/wp-json\/wp\/v2\/posts\/70461\/revisions"}],"predecessor-version":[{"id":70477,"href":"https:\/\/diariodigitalmx.com\/index.php\/wp-json\/wp\/v2\/posts\/70461\/revisions\/70477"}],"wp:featuredmedia":[{"embeddable":true,"href":"https:\/\/diariodigitalmx.com\/index.php\/wp-json\/wp\/v2\/media\/70463"}],"wp:attachment":[{"href":"https:\/\/diariodigitalmx.com\/index.php\/wp-json\/wp\/v2\/media?parent=70461"}],"wp:term":[{"taxonomy":"category","embeddable":true,"href":"https:\/\/diariodigitalmx.com\/index.php\/wp-json\/wp\/v2\/categories?post=70461"},{"taxonomy":"post_tag","embeddable":true,"href":"https:\/\/diariodigitalmx.com\/index.php\/wp-json\/wp\/v2\/tags?post=70461"}],"curies":[{"name":"wp","href":"https:\/\/api.w.org\/{rel}","templated":true}]}}