{"id":70487,"date":"2022-01-26T22:58:55","date_gmt":"2022-01-27T04:58:55","guid":{"rendered":"http:\/\/diariodigitalmx.com\/?p=70487"},"modified":"2022-01-26T22:59:26","modified_gmt":"2022-01-27T04:59:26","slug":"lozoya-seguira-en-la-carcel-no-hay-libertad-podria-huir","status":"publish","type":"post","link":"https:\/\/diariodigitalmx.com\/index.php\/2022\/01\/26\/lozoya-seguira-en-la-carcel-no-hay-libertad-podria-huir\/","title":{"rendered":"Lozoya seguir\u00e1 en la c\u00e1rcel; no hay libertad, podr\u00eda huir"},"content":{"rendered":"\n<p>Emilio Lozoya seguir\u00e1 en la c\u00e1rcel por todo el tiempo que dure el proceso en su contra.<\/p>\n\n\n\n<p>\u201cToda vez que no han variado de manera objetiva las condiciones que sirvieron de base para fijar las medidas cautelares anteriormente impuestas, contin\u00faa en prisi\u00f3n preventiva justificada\u201d, determin\u00f3 el juez Jos\u00e9 Artemio Z\u00fa\u00f1iga Mendoza.&nbsp;<\/p>\n\n\n\n<p>El ex titular de PEMEX&nbsp; no ha logrado convertirse en testigo colaborador ni ha pagado el da\u00f1o causado por el caso Odebrecht.&nbsp;<\/p>\n\n\n\n<p>En audiencia, el juez se\u00f1al\u00f3 que la prisi\u00f3n es v\u00e1lida, pues la Fiscal\u00eda General de la Rep\u00fablica argument\u00f3 de manera correcta que el exfuncionario cuenta con una red familiar y recursos econ\u00f3micos que le permitir\u00edan \u201csalir del pa\u00eds y permanecer oculto\u201d.<\/p>\n\n\n\n<p>El ex funcionario est\u00e1 acusado de los delitos de uso indebido de recursos p\u00fablicos, cohecho y asociaci\u00f3n delictuosa, por los que en conjunto la FGR pidi\u00f3 39 a\u00f1os de c\u00e1rcel en caso de resultar culpable.<\/p>\n\n\n\n<p>Se le se\u00f1ala por presuntamente haber recibido m\u00e1s de 10 millones de d\u00f3lares de la constructora Odebrecht para sobornar a diversos funcionarios mexicanos, entre ellos el expresidente Enrique Pe\u00f1a Nieto y el exsecretario de Hacienda, Luis Videgaray.&nbsp;<\/p>\n","protected":false},"excerpt":{"rendered":"<p>Emilio Lozoya seguir\u00e1 en la c\u00e1rcel por todo el tiempo que dure el proceso en su contra. \u201cToda vez que no han variado de manera objetiva las condiciones que sirvieron de base para fijar las medidas cautelares anteriormente impuestas, contin\u00faa en prisi\u00f3n preventiva justificada\u201d, determin\u00f3 el juez Jos\u00e9 Artemio Z\u00fa\u00f1iga Mendoza.&nbsp; El ex titular de [&hellip;]<\/p>\n","protected":false},"author":1,"featured_media":70489,"comment_status":"open","ping_status":"open","sticky":true,"template":"","format":"standard","meta":{"footnotes":""},"categories":[2,3],"tags":[],"_links":{"self":[{"href":"https:\/\/diariodigitalmx.com\/index.php\/wp-json\/wp\/v2\/posts\/70487"}],"collection":[{"href":"https:\/\/diariodigitalmx.com\/index.php\/wp-json\/wp\/v2\/posts"}],"about":[{"href":"https:\/\/diariodigitalmx.com\/index.php\/wp-json\/wp\/v2\/types\/post"}],"author":[{"embeddable":true,"href":"https:\/\/diariodigitalmx.com\/index.php\/wp-json\/wp\/v2\/users\/1"}],"replies":[{"embeddable":true,"href":"https:\/\/diariodigitalmx.com\/index.php\/wp-json\/wp\/v2\/comments?post=70487"}],"version-history":[{"count":1,"href":"https:\/\/diariodigitalmx.com\/index.php\/wp-json\/wp\/v2\/posts\/70487\/revisions"}],"predecessor-version":[{"id":70488,"href":"https:\/\/diariodigitalmx.com\/index.php\/wp-json\/wp\/v2\/posts\/70487\/revisions\/70488"}],"wp:featuredmedia":[{"embeddable":true,"href":"https:\/\/diariodigitalmx.com\/index.php\/wp-json\/wp\/v2\/media\/70489"}],"wp:attachment":[{"href":"https:\/\/diariodigitalmx.com\/index.php\/wp-json\/wp\/v2\/media?parent=70487"}],"wp:term":[{"taxonomy":"category","embeddable":true,"href":"https:\/\/diariodigitalmx.com\/index.php\/wp-json\/wp\/v2\/categories?post=70487"},{"taxonomy":"post_tag","embeddable":true,"href":"https:\/\/diariodigitalmx.com\/index.php\/wp-json\/wp\/v2\/tags?post=70487"}],"curies":[{"name":"wp","href":"https:\/\/api.w.org\/{rel}","templated":true}]}}