{"id":70490,"date":"2022-01-26T23:08:41","date_gmt":"2022-01-27T05:08:41","guid":{"rendered":"http:\/\/diariodigitalmx.com\/?p=70490"},"modified":"2022-01-26T23:09:18","modified_gmt":"2022-01-27T05:09:18","slug":"niegan-concesion-de-tv-a-slim-pero-no-es-resolucion-definitiva","status":"publish","type":"post","link":"https:\/\/diariodigitalmx.com\/index.php\/2022\/01\/26\/niegan-concesion-de-tv-a-slim-pero-no-es-resolucion-definitiva\/","title":{"rendered":"Niegan concesi\u00f3n de TV a Slim, pero no es resoluci\u00f3n definitiva"},"content":{"rendered":"\n<p>Le fue negada la concesi\u00f3n de un canal de televisi\u00f3n de paga a Claro TV, empresa de Carlos Slim, pero no es una negativa definitiva.<\/p>\n\n\n\n<p>Los comisionados del Instituto Federal de Telecomunicaciones (IFT), encontraron inconsistencias en el proyecto que promov\u00eda la negativa a la solicitud hecha por la subsidiaria de Am\u00e9rica M\u00f3vil.&nbsp;<\/p>\n\n\n\n<p>Sin embargo, no es una negativa definitiva para que Claro TV tenga un canal de televisi\u00f3n, el proyecto tendr\u00e1 que rehacerse y volverse a estudiar y discutir en el pleno para tener una resoluci\u00f3n final.<\/p>\n\n\n\n<p>Am\u00e9rica M\u00f3vil qued\u00f3 imposibilitada de ofrecer servicios adicionales en 2014 tras ser declarada agente econ\u00f3mico preponderante del sector de telecomunicaciones.&nbsp;<\/p>\n\n\n\n<p>A su vez, el t\u00edtulo de concesi\u00f3n que recibi\u00f3 Telmex a principios de la d\u00e9cada de 1990 le proh\u00edbe ofrecer el servicio de televisi\u00f3n.<\/p>\n\n\n\n<p>Sin embargo, cuando se dieron estas regulaciones no exist\u00eda Claro TV, por lo que la unidad del emporio de Carlos Slim realiz\u00f3 una nueva solicitud al IFT para la concesi\u00f3n de un canal de televisi\u00f3n restringida con el argumento de que no era parte del grupo de empresas que conformaban a Am\u00e9rica M\u00f3vil cuando fue declarada como preponderante.<\/p>\n","protected":false},"excerpt":{"rendered":"<p>Le fue negada la concesi\u00f3n de un canal de televisi\u00f3n de paga a Claro TV, empresa de Carlos Slim, pero no es una negativa definitiva. Los comisionados del Instituto Federal de Telecomunicaciones (IFT), encontraron inconsistencias en el proyecto que promov\u00eda la negativa a la solicitud hecha por la subsidiaria de Am\u00e9rica M\u00f3vil.&nbsp; Sin embargo, no [&hellip;]<\/p>\n","protected":false},"author":1,"featured_media":70492,"comment_status":"open","ping_status":"open","sticky":true,"template":"","format":"standard","meta":{"footnotes":""},"categories":[10,3],"tags":[],"_links":{"self":[{"href":"https:\/\/diariodigitalmx.com\/index.php\/wp-json\/wp\/v2\/posts\/70490"}],"collection":[{"href":"https:\/\/diariodigitalmx.com\/index.php\/wp-json\/wp\/v2\/posts"}],"about":[{"href":"https:\/\/diariodigitalmx.com\/index.php\/wp-json\/wp\/v2\/types\/post"}],"author":[{"embeddable":true,"href":"https:\/\/diariodigitalmx.com\/index.php\/wp-json\/wp\/v2\/users\/1"}],"replies":[{"embeddable":true,"href":"https:\/\/diariodigitalmx.com\/index.php\/wp-json\/wp\/v2\/comments?post=70490"}],"version-history":[{"count":1,"href":"https:\/\/diariodigitalmx.com\/index.php\/wp-json\/wp\/v2\/posts\/70490\/revisions"}],"predecessor-version":[{"id":70491,"href":"https:\/\/diariodigitalmx.com\/index.php\/wp-json\/wp\/v2\/posts\/70490\/revisions\/70491"}],"wp:featuredmedia":[{"embeddable":true,"href":"https:\/\/diariodigitalmx.com\/index.php\/wp-json\/wp\/v2\/media\/70492"}],"wp:attachment":[{"href":"https:\/\/diariodigitalmx.com\/index.php\/wp-json\/wp\/v2\/media?parent=70490"}],"wp:term":[{"taxonomy":"category","embeddable":true,"href":"https:\/\/diariodigitalmx.com\/index.php\/wp-json\/wp\/v2\/categories?post=70490"},{"taxonomy":"post_tag","embeddable":true,"href":"https:\/\/diariodigitalmx.com\/index.php\/wp-json\/wp\/v2\/tags?post=70490"}],"curies":[{"name":"wp","href":"https:\/\/api.w.org\/{rel}","templated":true}]}}