{"id":70493,"date":"2022-01-26T23:18:39","date_gmt":"2022-01-27T05:18:39","guid":{"rendered":"http:\/\/diariodigitalmx.com\/?p=70493"},"modified":"2022-01-26T23:19:17","modified_gmt":"2022-01-27T05:19:17","slug":"quiere-maduro-remuneracion-economica-de-espana-por-la-conquista","status":"publish","type":"post","link":"https:\/\/diariodigitalmx.com\/index.php\/2022\/01\/26\/quiere-maduro-remuneracion-economica-de-espana-por-la-conquista\/","title":{"rendered":"Quiere Maduro remuneraci\u00f3n econ\u00f3mica de Espa\u00f1a por la conquista"},"content":{"rendered":"\n<p>El Gobierno de Venezuela cre\u00f3 una comisi\u00f3n &#8220;del m\u00e1s alto nivel&#8221; para hallar &#8220;la verdad&#8221; de la \u00e9poca colonial y &#8220;exigir justicia y reparaci\u00f3n a Espa\u00f1a, Portugal y toda Europa&#8221;, inform\u00f3 el presidente venezolano, Nicol\u00e1s Maduro.<\/p>\n\n\n\n<p>Maduro detall\u00f3 que, la Comisi\u00f3n de la Verdad Hist\u00f3rica, Justicia y Reparaci\u00f3n sobre el dominio colonial y sus consecuencias en Venezuela, misma que ya se ha puesto en marcha, tiene el objetivo concreto de &#8220;esclarecer y hurgar la verdad del colonialismo europeo, sus cr\u00edmenes, genocidios y saqueos cometidos en Venezuela, Am\u00e9rica Latina y el Caribe&#8221;.<\/p>\n\n\n\n<p>Asimismo, en un mensaje publicado a trav\u00e9s de su cuenta de Twitter, el mandatario venezolano garantiz\u00f3 que las autoridades del pa\u00eds caribe\u00f1o &#8220;avanzar\u00e1n en la descolonizaci\u00f3n de la patria&#8221;.<\/p>\n\n\n\n<p>Las Manifestaciones Culturales de Venezuela y las generaciones futuras tienen un destino de grandeza asegurado.<\/p>\n\n\n\n<p>Avancemos hacia la descolonizaci\u00f3n de nuestra Patria y consolidemos, con voluntad, amor y conciencia, la independencia cultural.<\/p>\n\n\n\n<p>\u00a1Hay que recordar que, Maduro ha arremetido contra Espa\u00f1a en m\u00faltiples ocasiones a cuenta de la \u00e9poca colonial y ha solicitado que las autoridades hagan una &#8220;rectificaci\u00f3n hist\u00f3rica por los cr\u00edmenes cometidos por el imperio espa\u00f1ol&#8221;.<\/p>\n\n\n\n<p>En este sentido, en octubre de 2021 envi\u00f3 una carta de protesta al rey Felipe VI.<\/p>\n\n\n\n<p>\u00bfEN QU\u00c9 CONSISTE LA COMISI\u00d3N?<\/p>\n\n\n\n<p>El grupo est\u00e1 formado por 21 especialistas con experiencia en la lucha cultural e hist\u00f3rica.<\/p>\n\n\n\n<p>La comisi\u00f3n est\u00e1 presidida por el ministro de Cultura de Venezuela, Ernesto Villegas, y tambi\u00e9n incluye a la ministra de Pueblos Originarios, Rosin\u00e9s Gonz\u00e1lez, adem\u00e1s de historiadores, diputados, profesores, una antrop\u00f3loga o un poeta, entre otras.<\/p>\n\n\n\n<p>Al respecto, Villegas indic\u00f3 en que los integrantes de la comisi\u00f3n tienen d\u00e9cadas de experiencia investigando sobre la \u00e9poca colonial y sus consecuencias y advirti\u00f3 de que no buscan \u00fanicamente reivindicaciones simb\u00f3licas de las m\u00e1s altas instancias del poder europeo, como la sencilla palabra &#8216;perd\u00f3n&#8217;, sino tambi\u00e9n &#8220;reivindicaciones econ\u00f3micas, que son &#8220;perfectamente cuantificables&#8221;.&nbsp;<\/p>\n","protected":false},"excerpt":{"rendered":"<p>El Gobierno de Venezuela cre\u00f3 una comisi\u00f3n &#8220;del m\u00e1s alto nivel&#8221; para hallar &#8220;la verdad&#8221; de la \u00e9poca colonial y &#8220;exigir justicia y reparaci\u00f3n a Espa\u00f1a, Portugal y toda Europa&#8221;, inform\u00f3 el presidente venezolano, Nicol\u00e1s Maduro. Maduro detall\u00f3 que, la Comisi\u00f3n de la Verdad Hist\u00f3rica, Justicia y Reparaci\u00f3n sobre el dominio colonial y sus consecuencias [&hellip;]<\/p>\n","protected":false},"author":1,"featured_media":70495,"comment_status":"open","ping_status":"open","sticky":true,"template":"","format":"standard","meta":{"footnotes":""},"categories":[14,4],"tags":[],"_links":{"self":[{"href":"https:\/\/diariodigitalmx.com\/index.php\/wp-json\/wp\/v2\/posts\/70493"}],"collection":[{"href":"https:\/\/diariodigitalmx.com\/index.php\/wp-json\/wp\/v2\/posts"}],"about":[{"href":"https:\/\/diariodigitalmx.com\/index.php\/wp-json\/wp\/v2\/types\/post"}],"author":[{"embeddable":true,"href":"https:\/\/diariodigitalmx.com\/index.php\/wp-json\/wp\/v2\/users\/1"}],"replies":[{"embeddable":true,"href":"https:\/\/diariodigitalmx.com\/index.php\/wp-json\/wp\/v2\/comments?post=70493"}],"version-history":[{"count":1,"href":"https:\/\/diariodigitalmx.com\/index.php\/wp-json\/wp\/v2\/posts\/70493\/revisions"}],"predecessor-version":[{"id":70494,"href":"https:\/\/diariodigitalmx.com\/index.php\/wp-json\/wp\/v2\/posts\/70493\/revisions\/70494"}],"wp:featuredmedia":[{"embeddable":true,"href":"https:\/\/diariodigitalmx.com\/index.php\/wp-json\/wp\/v2\/media\/70495"}],"wp:attachment":[{"href":"https:\/\/diariodigitalmx.com\/index.php\/wp-json\/wp\/v2\/media?parent=70493"}],"wp:term":[{"taxonomy":"category","embeddable":true,"href":"https:\/\/diariodigitalmx.com\/index.php\/wp-json\/wp\/v2\/categories?post=70493"},{"taxonomy":"post_tag","embeddable":true,"href":"https:\/\/diariodigitalmx.com\/index.php\/wp-json\/wp\/v2\/tags?post=70493"}],"curies":[{"name":"wp","href":"https:\/\/api.w.org\/{rel}","templated":true}]}}