{"id":70496,"date":"2022-01-26T23:22:34","date_gmt":"2022-01-27T05:22:34","guid":{"rendered":"http:\/\/diariodigitalmx.com\/?p=70496"},"modified":"2022-01-26T23:26:19","modified_gmt":"2022-01-27T05:26:19","slug":"pmr-fuels-mas-de-2-decadas-dejando-huella-en-el-futbol-de-barrio-y-en-las-ligas","status":"publish","type":"post","link":"https:\/\/diariodigitalmx.com\/index.php\/2022\/01\/26\/pmr-fuels-mas-de-2-decadas-dejando-huella-en-el-futbol-de-barrio-y-en-las-ligas\/","title":{"rendered":"PMR Fuels m\u00e1s de 2 d\u00e9cadas dejando huella en el f\u00fatbol de barrio y en las Ligas"},"content":{"rendered":"\n<p><\/p>\n\n\n\n<p><strong>-El otrora Club&nbsp; Atl\u00e9tico Balcones de los muchachos&nbsp; de&nbsp; Escobedo, Nuevo Le\u00f3n, celebra sus primeros 20 a\u00f1os promoviendo el f\u00fatbol del llano y en el sint\u00e9tico de las ligas de soccer y f\u00fatbol 7 infantil, juvenil y libre marcando un verdadero&nbsp; liderazgo en los torneos que participa<\/strong><\/p>\n\n\n\n<p>Por: Ra\u00fal E. Guevara Ortiz.-Nacido en el 2002 con la finalidad de ayudar a los j\u00f3venes de las colonia Balcones de An\u00e1huac 2\u00b0 Sector, Flores Mag\u00f3n, y Jardines del municipio de Escobedo as\u00ed como de la&nbsp; Mirador de San Nicol\u00e1s&nbsp; a salir de las drogas y alejarse de las esquinas, el&nbsp; Club Atl\u00e9tico Balcones hoy la potente escuadra del PMR Fuels celebra como una gran familia, sus primeros 20 a\u00f1os de dejar huella en el f\u00fatbol soccer y r\u00e1pido.<\/p>\n\n\n\n<p>\u201cTodo surgi\u00f3&nbsp; de la idea de sacar a los j\u00f3venes de los vicios y promover en ellos el amor al deporte, donde hemos logrado ver grandes satisfacciones&nbsp; al ver a muchos de nuestros muchachos convertidos en hombres de bien quienes inclusive ya traen a sus hijos defendiendo los colores de nuestro equipo!, coment\u00f3 Ignacio Salazar Aro fundador del equipo.<\/p>\n\n\n\n<p>A lo largo de su historia,\u00a0 la escuadra de General Escobedo tiene un saber m\u00e1s de 100 t\u00edtulos en los diferentes torneos donde participa en las categor\u00edas infantiles, juveniles, libre y veteranos de ligas como Golden, CTM, Escobedo y\u00a0 CasaBella entre otras dentro del f\u00fatbol soccer y f\u00fatbol 7.<\/p>\n\n\n\n<figure class=\"wp-block-image size-large\"><img loading=\"lazy\" decoding=\"async\" width=\"1024\" height=\"768\" src=\"http:\/\/diariodigitalmx.com\/wp-content\/uploads\/2022\/01\/EQUIPO-2015-1024x768.jpg\" alt=\"\" class=\"wp-image-70500\" srcset=\"https:\/\/diariodigitalmx.com\/wp-content\/uploads\/2022\/01\/EQUIPO-2015-1024x768.jpg 1024w, https:\/\/diariodigitalmx.com\/wp-content\/uploads\/2022\/01\/EQUIPO-2015-300x225.jpg 300w, https:\/\/diariodigitalmx.com\/wp-content\/uploads\/2022\/01\/EQUIPO-2015-768x576.jpg 768w, https:\/\/diariodigitalmx.com\/wp-content\/uploads\/2022\/01\/EQUIPO-2015-1536x1152.jpg 1536w, https:\/\/diariodigitalmx.com\/wp-content\/uploads\/2022\/01\/EQUIPO-2015.jpg 1600w\" sizes=\"(max-width: 1024px) 100vw, 1024px\" \/><\/figure>\n\n\n\n<p>Con toda su vida de pertenecer como jugador al Club, Pedro Medell\u00edn expresa su satisfacci\u00f3n&nbsp; por la formaci\u00f3n recibida de parte&nbsp; del se\u00f1or Ignacio Salazar ya que \u201ces todo un orgullo de pertenecer a este equipo ya que fue \u00e9l quien inicio con este proyecto llamado Atl\u00e9tico Balcones donde fuimos avanzando de categor\u00edas, por lo que me enorgullece desde que est\u00e1bamos chicos ya que nos tocaba participar en todos los campos&nbsp; como los de tierra\u201d, dijo el ahora patrocinado del equipo de sus amores PMr Fuels, desde hace 5 a\u00f1os que dejo atr\u00e1s el nombre de Atl\u00e9tico Balcones.<\/p>\n\n\n\n<p>\u00a0En su andar de 2 d\u00e9cadas, la escuadra de\u00a0 \u201clos muchachos de Escobedo\u201d han \u00a0 participado en diferentes\u00a0 en torneos de ligas, estatales y nacionales como la Copa Vallarta, Copa Mazatl\u00e1n y recientemente en la Copa Chetumal donde participaron con el equipo de la categor\u00eda veteranos seg\u00fan coment\u00f3 Pedro Medell\u00edn.<\/p>\n\n\n\n<figure class=\"wp-block-image size-large\"><img loading=\"lazy\" decoding=\"async\" width=\"957\" height=\"1024\" src=\"http:\/\/diariodigitalmx.com\/wp-content\/uploads\/2022\/01\/los-inicios-del-club-balcones-en-el-ano-2022-957x1024.jpg\" alt=\"\" class=\"wp-image-70503\" srcset=\"https:\/\/diariodigitalmx.com\/wp-content\/uploads\/2022\/01\/los-inicios-del-club-balcones-en-el-ano-2022-957x1024.jpg 957w, https:\/\/diariodigitalmx.com\/wp-content\/uploads\/2022\/01\/los-inicios-del-club-balcones-en-el-ano-2022-281x300.jpg 281w, https:\/\/diariodigitalmx.com\/wp-content\/uploads\/2022\/01\/los-inicios-del-club-balcones-en-el-ano-2022-768x821.jpg 768w, https:\/\/diariodigitalmx.com\/wp-content\/uploads\/2022\/01\/los-inicios-del-club-balcones-en-el-ano-2022-1436x1536.jpg 1436w, https:\/\/diariodigitalmx.com\/wp-content\/uploads\/2022\/01\/los-inicios-del-club-balcones-en-el-ano-2022.jpg 1496w\" sizes=\"(max-width: 957px) 100vw, 957px\" \/><\/figure>\n\n\n\n<p>Actualmente el Club Atl\u00e9tico Balcones-PMR Fuels cuenta con las categor\u00edas veteranos, libre, 2015, 2011 y en las juveniles dentro de la&nbsp; 2006, inform\u00f3 Diego Armando Salazar, integrante de la directiva del club.<\/p>\n\n\n\n<p>\u201cAhorita estamos compitiendo en la S\u00faper Liga en la categor\u00eda 2006, la 2011 y 2015 est\u00e1n en la Liga de Escobedo, la categor\u00eda veteranos juegan en las Liga Tiendas Fiso, la categor\u00eda libre juega tanto en la Liga de Escobedo como en CasaBella en las categor\u00edas f\u00fatbol 7 y f\u00fatbol 11\u201dcoment\u00f3 Diego Armando Salazar.<\/p>\n\n\n\n<p>Jugadores como Alfonso Tamay y Chorri De la Pe\u00f1a jugadores quienes han incursionado en forma breve por el profesionalismo formaron parte de los equipos del PMR Fuels.<\/p>\n\n\n\n<figure class=\"wp-block-image size-large\"><img loading=\"lazy\" decoding=\"async\" width=\"1024\" height=\"683\" src=\"http:\/\/diariodigitalmx.com\/wp-content\/uploads\/2022\/01\/FIESTA-DE-CELEBRACION-2022-1024x683.jpg\" alt=\"\" class=\"wp-image-70505\" srcset=\"https:\/\/diariodigitalmx.com\/wp-content\/uploads\/2022\/01\/FIESTA-DE-CELEBRACION-2022-1024x683.jpg 1024w, https:\/\/diariodigitalmx.com\/wp-content\/uploads\/2022\/01\/FIESTA-DE-CELEBRACION-2022-300x200.jpg 300w, https:\/\/diariodigitalmx.com\/wp-content\/uploads\/2022\/01\/FIESTA-DE-CELEBRACION-2022-768x512.jpg 768w, https:\/\/diariodigitalmx.com\/wp-content\/uploads\/2022\/01\/FIESTA-DE-CELEBRACION-2022-1536x1024.jpg 1536w, https:\/\/diariodigitalmx.com\/wp-content\/uploads\/2022\/01\/FIESTA-DE-CELEBRACION-2022-2048x1365.jpg 2048w\" sizes=\"(max-width: 1024px) 100vw, 1024px\" \/><\/figure>\n\n\n\n<p>Como parte de la celebraci\u00f3n de su 20\u00b0 Aniversario los jugadores del equipo en compa\u00f1\u00eda de sus familias, realizaron una gran fiesta donde se reconoci\u00f3 tambi\u00e9n a los mejores\u00a0 jugadores de sus diferentes categor\u00edas como Gustavo Dami\u00e1n Caballero en la 2015, Bayron Chavarr\u00eda de la 2011, Adri\u00e1n Dar\u00edo Medina en 2006, Gerardo Burciaga de categor\u00eda libre y de la categor\u00eda veteranos Ignacio Salazar Rodr\u00edguez.<\/p>\n\n\n\n<figure class=\"wp-block-image size-large\"><img loading=\"lazy\" decoding=\"async\" width=\"1024\" height=\"683\" src=\"http:\/\/diariodigitalmx.com\/wp-content\/uploads\/2022\/01\/PEDRO-MURILLOzq-e-INGNACIO-SALAZAR-fundador-del-Club-1024x683.jpg\" alt=\"\" class=\"wp-image-70508\" srcset=\"https:\/\/diariodigitalmx.com\/wp-content\/uploads\/2022\/01\/PEDRO-MURILLOzq-e-INGNACIO-SALAZAR-fundador-del-Club-1024x683.jpg 1024w, https:\/\/diariodigitalmx.com\/wp-content\/uploads\/2022\/01\/PEDRO-MURILLOzq-e-INGNACIO-SALAZAR-fundador-del-Club-300x200.jpg 300w, https:\/\/diariodigitalmx.com\/wp-content\/uploads\/2022\/01\/PEDRO-MURILLOzq-e-INGNACIO-SALAZAR-fundador-del-Club-768x512.jpg 768w, https:\/\/diariodigitalmx.com\/wp-content\/uploads\/2022\/01\/PEDRO-MURILLOzq-e-INGNACIO-SALAZAR-fundador-del-Club-1536x1024.jpg 1536w, https:\/\/diariodigitalmx.com\/wp-content\/uploads\/2022\/01\/PEDRO-MURILLOzq-e-INGNACIO-SALAZAR-fundador-del-Club-2048x1365.jpg 2048w\" sizes=\"(max-width: 1024px) 100vw, 1024px\" \/><\/figure>\n\n\n\n<p>Finalmente y en medio de una fuerte ovaci\u00f3n Ignacio Salazar Aro, fundador del&nbsp; Club recibi\u00f3 de su reconocimiento de parte&nbsp; de todos los integrantes, quienes&nbsp; unidos \u201cm\u00e1s que en un club, en una sola familia\u201d, disfrutaron de una gran velada conmemorativa despojados de sus arreos de batalla y engalanados para la celebraci\u00f3n.&nbsp;<\/p>\n","protected":false},"excerpt":{"rendered":"<p>-El otrora Club&nbsp; Atl\u00e9tico Balcones de los muchachos&nbsp; de&nbsp; Escobedo, Nuevo Le\u00f3n, celebra sus primeros 20 a\u00f1os promoviendo el f\u00fatbol del llano y en el sint\u00e9tico de las ligas de soccer y f\u00fatbol 7 infantil, juvenil y libre marcando un verdadero&nbsp; liderazgo en los torneos que participa Por: Ra\u00fal E. Guevara Ortiz.-Nacido en el 2002 [&hellip;]<\/p>\n","protected":false},"author":1,"featured_media":70498,"comment_status":"open","ping_status":"open","sticky":true,"template":"","format":"standard","meta":{"footnotes":""},"categories":[8,5],"tags":[],"_links":{"self":[{"href":"https:\/\/diariodigitalmx.com\/index.php\/wp-json\/wp\/v2\/posts\/70496"}],"collection":[{"href":"https:\/\/diariodigitalmx.com\/index.php\/wp-json\/wp\/v2\/posts"}],"about":[{"href":"https:\/\/diariodigitalmx.com\/index.php\/wp-json\/wp\/v2\/types\/post"}],"author":[{"embeddable":true,"href":"https:\/\/diariodigitalmx.com\/index.php\/wp-json\/wp\/v2\/users\/1"}],"replies":[{"embeddable":true,"href":"https:\/\/diariodigitalmx.com\/index.php\/wp-json\/wp\/v2\/comments?post=70496"}],"version-history":[{"count":6,"href":"https:\/\/diariodigitalmx.com\/index.php\/wp-json\/wp\/v2\/posts\/70496\/revisions"}],"predecessor-version":[{"id":70509,"href":"https:\/\/diariodigitalmx.com\/index.php\/wp-json\/wp\/v2\/posts\/70496\/revisions\/70509"}],"wp:featuredmedia":[{"embeddable":true,"href":"https:\/\/diariodigitalmx.com\/index.php\/wp-json\/wp\/v2\/media\/70498"}],"wp:attachment":[{"href":"https:\/\/diariodigitalmx.com\/index.php\/wp-json\/wp\/v2\/media?parent=70496"}],"wp:term":[{"taxonomy":"category","embeddable":true,"href":"https:\/\/diariodigitalmx.com\/index.php\/wp-json\/wp\/v2\/categories?post=70496"},{"taxonomy":"post_tag","embeddable":true,"href":"https:\/\/diariodigitalmx.com\/index.php\/wp-json\/wp\/v2\/tags?post=70496"}],"curies":[{"name":"wp","href":"https:\/\/api.w.org\/{rel}","templated":true}]}}