{"id":70562,"date":"2022-01-27T20:19:53","date_gmt":"2022-01-28T02:19:53","guid":{"rendered":"http:\/\/diariodigitalmx.com\/?p=70562"},"modified":"2022-01-27T20:20:24","modified_gmt":"2022-01-28T02:20:24","slug":"metro-agua-contaminacion-y-covid","status":"publish","type":"post","link":"https:\/\/diariodigitalmx.com\/index.php\/2022\/01\/27\/metro-agua-contaminacion-y-covid\/","title":{"rendered":"Metro, agua, contaminaci\u00f3n y Covid"},"content":{"rendered":"\n<p>Ra\u00fal Guajardo Cant\u00fa <\/p>\n\n\n\n<p>Aunque apenas despunta el sexenio de Samuel Garc\u00eda, ya hay voces que exigen solucionar problemas que debido a su propia naturaleza no tienen una soluci\u00f3n de corto plazo, tales son el Metro, el abasto de agua para la zona metropolitana de Monterrey, la contaminaci\u00f3n ambiental y el Covid.<\/p>\n\n\n\n<p>Ninguno de esos problemas tiene una soluci\u00f3n que pueda instrumentarse en 4 o 5 meses, por el contrario tienen un horizonte de largo plazo, vayamos por partes.<\/p>\n\n\n\n<p>La semana que est\u00e1 por concluir nos trajo una falla importante en el Metro que tuvo inmovilizada a la l\u00ednea 2 durante casi 15 horas, todo por una falla de mantenimiento, un mantenimiento que no recibi\u00f3 por lo menos durante los 6 a\u00f1os anteriores y que requiere de miles de millones de pesos para ponerse al corriente, dinero que por ahora no existe en las arcas estatales y que se conjuga con unas malas declaraciones en el sentido de que para abril se podr\u00eda poner en pr\u00e1ctica el mantenimiento.<\/p>\n\n\n\n<p>La falta de agua para abastecer el \u00e1rea metropolitana de Monterrey no se gest\u00f3 en los pasados 4 meses y, pese a que se sab\u00eda que se presentar\u00eda, hay poco por hacer en el corto plazo, sobre todo porque hace a\u00f1os que se detuvo una obra que quiz\u00e1 hubiera acabado con el problema c\u00edclico que presenta este rubro.<\/p>\n\n\n\n<p>La contaminaci\u00f3n ambiental dif\u00edcilmente se resolver\u00e1 en el corto plazo, ya que algunas de las causas de esta requieren soluciones de largo aliento, lo mismo pasa con el Covid, pese a que aqu\u00ed se est\u00e1n tomando acciones que van m\u00e1s all\u00e1 de las que muestra el gobierno federal.<\/p>\n\n\n\n<p>No debe pedirse que estos problemas se solucionen en el corto plazo, aunque s\u00ed, que se vayan realizando los pasos que la soluci\u00f3n final requieren y eso es lo que deber\u00edamos estar observando.<\/p>\n","protected":false},"excerpt":{"rendered":"<p>Ra\u00fal Guajardo Cant\u00fa Aunque apenas despunta el sexenio de Samuel Garc\u00eda, ya hay voces que exigen solucionar problemas que debido a su propia naturaleza no tienen una soluci\u00f3n de corto plazo, tales son el Metro, el abasto de agua para la zona metropolitana de Monterrey, la contaminaci\u00f3n ambiental y el Covid. Ninguno de esos problemas [&hellip;]<\/p>\n","protected":false},"author":1,"featured_media":70564,"comment_status":"open","ping_status":"open","sticky":true,"template":"","format":"standard","meta":{"footnotes":""},"categories":[14,12],"tags":[],"_links":{"self":[{"href":"https:\/\/diariodigitalmx.com\/index.php\/wp-json\/wp\/v2\/posts\/70562"}],"collection":[{"href":"https:\/\/diariodigitalmx.com\/index.php\/wp-json\/wp\/v2\/posts"}],"about":[{"href":"https:\/\/diariodigitalmx.com\/index.php\/wp-json\/wp\/v2\/types\/post"}],"author":[{"embeddable":true,"href":"https:\/\/diariodigitalmx.com\/index.php\/wp-json\/wp\/v2\/users\/1"}],"replies":[{"embeddable":true,"href":"https:\/\/diariodigitalmx.com\/index.php\/wp-json\/wp\/v2\/comments?post=70562"}],"version-history":[{"count":1,"href":"https:\/\/diariodigitalmx.com\/index.php\/wp-json\/wp\/v2\/posts\/70562\/revisions"}],"predecessor-version":[{"id":70563,"href":"https:\/\/diariodigitalmx.com\/index.php\/wp-json\/wp\/v2\/posts\/70562\/revisions\/70563"}],"wp:featuredmedia":[{"embeddable":true,"href":"https:\/\/diariodigitalmx.com\/index.php\/wp-json\/wp\/v2\/media\/70564"}],"wp:attachment":[{"href":"https:\/\/diariodigitalmx.com\/index.php\/wp-json\/wp\/v2\/media?parent=70562"}],"wp:term":[{"taxonomy":"category","embeddable":true,"href":"https:\/\/diariodigitalmx.com\/index.php\/wp-json\/wp\/v2\/categories?post=70562"},{"taxonomy":"post_tag","embeddable":true,"href":"https:\/\/diariodigitalmx.com\/index.php\/wp-json\/wp\/v2\/tags?post=70562"}],"curies":[{"name":"wp","href":"https:\/\/api.w.org\/{rel}","templated":true}]}}