{"id":70565,"date":"2022-01-27T20:42:03","date_gmt":"2022-01-28T02:42:03","guid":{"rendered":"http:\/\/diariodigitalmx.com\/?p=70565"},"modified":"2022-01-27T20:44:11","modified_gmt":"2022-01-28T02:44:11","slug":"es-el-momento-de-sanar-a-tamaulipas-con-el-doctor-americo","status":"publish","type":"post","link":"https:\/\/diariodigitalmx.com\/index.php\/2022\/01\/27\/es-el-momento-de-sanar-a-tamaulipas-con-el-doctor-americo\/","title":{"rendered":"Es el momento de sanar a Tamaulipas con el doctor Am\u00e9rico"},"content":{"rendered":"\n<p><\/p>\n\n\n\n<p>G\u00f3mez Far\u00edas, Tam.- \u201cEs el momento de sanar a Tamaulipas con el doctor Am\u00e9rico Villarreal Anaya, afirm\u00f3 el diputado local guinda Javier Villarreal Ter\u00e1n, al fusionar el apoyo de militancia, simpatizantes y legisladores al precandidato \u00fanico de MORENA al Ejecutivo.<br>Por su parte, Miguel Romero Sifuentes presidente del grupo local del Comit\u00e9 de Defensa de la 4 T dijo; \u201cAm\u00e9rico Villarreal, sepa que los comit\u00e9s de defensa estamos listos y como usted nos ha convocado a que haya una gran unidad hacia el interior y una gran movilizaci\u00f3n ciudadana, as\u00ed lo estamos haciendo\u201d.<br>Al agradecer el respaldo de los morenistas gomezfari\u00e9nses, Am\u00e9rico les dijo; \u201cNo somos miles, somos cientos de miles que est\u00e1n por este cambio y yo estoy luchando por el proyecto que es de ustedes\u201d. Igual, les pidi\u00f3 pintar de guinda la regi\u00f3n y a todo Tamaulipas.<\/p>\n\n\n\n<figure class=\"wp-block-image size-large\"><img loading=\"lazy\" decoding=\"async\" width=\"1024\" height=\"683\" src=\"http:\/\/diariodigitalmx.com\/wp-content\/uploads\/2022\/01\/IMG-20220127-WA0036-1.jpg\" alt=\"\" class=\"wp-image-70570\" srcset=\"https:\/\/diariodigitalmx.com\/wp-content\/uploads\/2022\/01\/IMG-20220127-WA0036-1.jpg 1024w, https:\/\/diariodigitalmx.com\/wp-content\/uploads\/2022\/01\/IMG-20220127-WA0036-1-300x200.jpg 300w, https:\/\/diariodigitalmx.com\/wp-content\/uploads\/2022\/01\/IMG-20220127-WA0036-1-768x512.jpg 768w\" sizes=\"(max-width: 1024px) 100vw, 1024px\" \/><\/figure>\n\n\n\n<p><br>\u201cEsto para traer el bienestar que les negaron los gobiernos omisos, que incrementaron la pobreza en el pueblo y los beneficios s\u00f3lo fueron para unos cuantos\u201d, sostuvo el precandidato \u00fanico de MORENA a la gubernatura en reuni\u00f3n donde tambi\u00e9n abundaron los simpatizantes.<br>En la toma de protesta al Comit\u00e9 de Defensa de la Cuarta Transformaci\u00f3n de G\u00f3mez Far\u00edas, el precandidato \u00fanico, reiter\u00f3 que este proyecto es de todos y tiene como objetivo llevar la esperanza hasta el \u00faltimo rinc\u00f3n del estado con mejores oportunidades y calidad de vida.<br>Villarreal Anaya indic\u00f3 que una prueba de que el proyecto ha crecido en toda la naci\u00f3n, es que Morena tiene 17 gobernadores en el Pa\u00eds y la mayor\u00eda en Congresos locales de los estados, incluyendo en las C\u00e1maras de Senadores y Diputados Federales.<br>\u201cSeguimos las indicaciones que nos marca el Instituto Electoral, para no cometer faltas y poder transitar por el camino correcto con respeto a las instituciones y a los Derechos Humanos\u201d, a\u00f1adi\u00f3, el precandidato guinda.<br>En este municipio y en todo Tamaulipas la cuarta transformaci\u00f3n est\u00e1 m\u00e1s fuerte que nunca, bien fortalecida, con mujeres y hombres trabajadores con una ideolog\u00eda que marca los principios de Morena.<\/p>\n","protected":false},"excerpt":{"rendered":"<p>G\u00f3mez Far\u00edas, Tam.- \u201cEs el momento de sanar a Tamaulipas con el doctor Am\u00e9rico Villarreal Anaya, afirm\u00f3 el diputado local guinda Javier Villarreal Ter\u00e1n, al fusionar el apoyo de militancia, simpatizantes y legisladores al precandidato \u00fanico de MORENA al Ejecutivo.Por su parte, Miguel Romero Sifuentes presidente del grupo local del Comit\u00e9 de Defensa de la [&hellip;]<\/p>\n","protected":false},"author":1,"featured_media":70567,"comment_status":"open","ping_status":"open","sticky":true,"template":"","format":"standard","meta":{"footnotes":""},"categories":[5,19],"tags":[],"_links":{"self":[{"href":"https:\/\/diariodigitalmx.com\/index.php\/wp-json\/wp\/v2\/posts\/70565"}],"collection":[{"href":"https:\/\/diariodigitalmx.com\/index.php\/wp-json\/wp\/v2\/posts"}],"about":[{"href":"https:\/\/diariodigitalmx.com\/index.php\/wp-json\/wp\/v2\/types\/post"}],"author":[{"embeddable":true,"href":"https:\/\/diariodigitalmx.com\/index.php\/wp-json\/wp\/v2\/users\/1"}],"replies":[{"embeddable":true,"href":"https:\/\/diariodigitalmx.com\/index.php\/wp-json\/wp\/v2\/comments?post=70565"}],"version-history":[{"count":3,"href":"https:\/\/diariodigitalmx.com\/index.php\/wp-json\/wp\/v2\/posts\/70565\/revisions"}],"predecessor-version":[{"id":70571,"href":"https:\/\/diariodigitalmx.com\/index.php\/wp-json\/wp\/v2\/posts\/70565\/revisions\/70571"}],"wp:featuredmedia":[{"embeddable":true,"href":"https:\/\/diariodigitalmx.com\/index.php\/wp-json\/wp\/v2\/media\/70567"}],"wp:attachment":[{"href":"https:\/\/diariodigitalmx.com\/index.php\/wp-json\/wp\/v2\/media?parent=70565"}],"wp:term":[{"taxonomy":"category","embeddable":true,"href":"https:\/\/diariodigitalmx.com\/index.php\/wp-json\/wp\/v2\/categories?post=70565"},{"taxonomy":"post_tag","embeddable":true,"href":"https:\/\/diariodigitalmx.com\/index.php\/wp-json\/wp\/v2\/tags?post=70565"}],"curies":[{"name":"wp","href":"https:\/\/api.w.org\/{rel}","templated":true}]}}