{"id":70595,"date":"2022-01-28T01:07:20","date_gmt":"2022-01-28T07:07:20","guid":{"rendered":"http:\/\/diariodigitalmx.com\/?p=70595"},"modified":"2022-01-28T01:08:48","modified_gmt":"2022-01-28T07:08:48","slug":"muere-por-covid-el-cantante-diego-verdaguer","status":"publish","type":"post","link":"https:\/\/diariodigitalmx.com\/index.php\/2022\/01\/28\/muere-por-covid-el-cantante-diego-verdaguer\/","title":{"rendered":"Muere por Covid el cantante Diego Verdaguer"},"content":{"rendered":"\n<p>El cantante Diego Verdaguer, de 70 a\u00f1os de edad, falleci\u00f3 en la Ciudad de Los \u00c1ngeles, California, por complicaciones derivadas del Covid.&nbsp;<\/p>\n\n\n\n<p>&#8220;Con absoluta tristeza, lamento informar a todo su p\u00fablico y amigos, que pap\u00e1 el d\u00eda de hoy dej\u00f3 su hermoso cuerpo, para continuar su camino y creatividad en otra forma de vida eterna mi madre, yo y toda la familia estamos sumergidos en este dolor, por lo que apreciamos su comprensi\u00f3n en estos momentos tan dif\u00edciles&#8221;, se informa en un comunicado publicado en redes sociales la familia Verdaguer Miguel.<\/p>\n\n\n\n<figure class=\"wp-block-image size-large\"><img loading=\"lazy\" decoding=\"async\" width=\"746\" height=\"1024\" src=\"http:\/\/diariodigitalmx.com\/wp-content\/uploads\/2022\/01\/Screenshot_20220128_005520_com.facebook.katana2-746x1024.jpg\" alt=\"\" class=\"wp-image-70598\" srcset=\"https:\/\/diariodigitalmx.com\/wp-content\/uploads\/2022\/01\/Screenshot_20220128_005520_com.facebook.katana2-746x1024.jpg 746w, https:\/\/diariodigitalmx.com\/wp-content\/uploads\/2022\/01\/Screenshot_20220128_005520_com.facebook.katana2-218x300.jpg 218w, https:\/\/diariodigitalmx.com\/wp-content\/uploads\/2022\/01\/Screenshot_20220128_005520_com.facebook.katana2-768x1055.jpg 768w, https:\/\/diariodigitalmx.com\/wp-content\/uploads\/2022\/01\/Screenshot_20220128_005520_com.facebook.katana2.jpg 1080w\" sizes=\"(max-width: 746px) 100vw, 746px\" \/><\/figure>\n\n\n\n<p>Nacido en Buenos Aires, Argentina, el 26 de abril de 1951, Verdaguer, casado con la tambi\u00e9n cantante Amanda Miguel, procrearon a su hija Ana Victoria.&nbsp;<\/p>\n\n\n\n<p>&#8220;Desafortunadamente la tarde de hoy, jueves 27 de enero, el Maestro Diego Verdaguer falleci\u00f3 en la ciudad de Los \u00c1ngeles, California, por consecuencias de covid-19. Desde el mes de diciembre le fue detectado el virus y fue hospitalizado, pero desgraciadamente hoy dej\u00f3 de estar entre nosotros. Su p\u00e9rdida es insustituible e irreparable, pero su obra permanecer\u00e1 por siempre. Ser\u00e1 cremado en Estados Unidos&#8221;, inform\u00f3 la oficina de relaciones p\u00fablicas del artista.<\/p>\n\n\n\n<figure class=\"wp-block-image size-large\"><img loading=\"lazy\" decoding=\"async\" width=\"738\" height=\"415\" src=\"http:\/\/diariodigitalmx.com\/wp-content\/uploads\/2022\/01\/images-2-11.jpeg\" alt=\"\" class=\"wp-image-70600\" srcset=\"https:\/\/diariodigitalmx.com\/wp-content\/uploads\/2022\/01\/images-2-11.jpeg 738w, https:\/\/diariodigitalmx.com\/wp-content\/uploads\/2022\/01\/images-2-11-300x169.jpeg 300w\" sizes=\"(max-width: 738px) 100vw, 738px\" \/><\/figure>\n\n\n\n<p>&#8220;Por el profundo dolor que ha causado su partida, su familia ha decidido despedirlo en privado y pasar este dif\u00edcil momento en tranquilidad y recogimiento. Posteriormente organizar\u00e1n un acto p\u00fablico, pero en estos instantes su dolor es tan grande, que no est\u00e1n en condiciones de dar declaraciones. Agradecemos su comprensi\u00f3n y respeto al respecto&#8221;, a\u00f1ade.<\/p>\n\n\n\n<p>&#8220;Hasta siempre amado Diego, sigue so\u00f1ando los sue\u00f1os m\u00e1s hermosos que siempre nos compartiste, te amaremos eternamente&#8221;.&nbsp;<\/p>\n\n\n\n<p>Junto a Amanda Miguel, ambos cantantes, triunfaron por separado con \u00e9xitos diversos a lo largo de d\u00e9cadas en el gusto de la gente, adem\u00e1s de tambi\u00e9n distinguirse por la composici\u00f3n.&nbsp;<\/p>\n","protected":false},"excerpt":{"rendered":"<p>El cantante Diego Verdaguer, de 70 a\u00f1os de edad, falleci\u00f3 en la Ciudad de Los \u00c1ngeles, California, por complicaciones derivadas del Covid.&nbsp; &#8220;Con absoluta tristeza, lamento informar a todo su p\u00fablico y amigos, que pap\u00e1 el d\u00eda de hoy dej\u00f3 su hermoso cuerpo, para continuar su camino y creatividad en otra forma de vida eterna [&hellip;]<\/p>\n","protected":false},"author":1,"featured_media":70597,"comment_status":"open","ping_status":"open","sticky":true,"template":"","format":"standard","meta":{"footnotes":""},"categories":[9,3],"tags":[],"_links":{"self":[{"href":"https:\/\/diariodigitalmx.com\/index.php\/wp-json\/wp\/v2\/posts\/70595"}],"collection":[{"href":"https:\/\/diariodigitalmx.com\/index.php\/wp-json\/wp\/v2\/posts"}],"about":[{"href":"https:\/\/diariodigitalmx.com\/index.php\/wp-json\/wp\/v2\/types\/post"}],"author":[{"embeddable":true,"href":"https:\/\/diariodigitalmx.com\/index.php\/wp-json\/wp\/v2\/users\/1"}],"replies":[{"embeddable":true,"href":"https:\/\/diariodigitalmx.com\/index.php\/wp-json\/wp\/v2\/comments?post=70595"}],"version-history":[{"count":3,"href":"https:\/\/diariodigitalmx.com\/index.php\/wp-json\/wp\/v2\/posts\/70595\/revisions"}],"predecessor-version":[{"id":70601,"href":"https:\/\/diariodigitalmx.com\/index.php\/wp-json\/wp\/v2\/posts\/70595\/revisions\/70601"}],"wp:featuredmedia":[{"embeddable":true,"href":"https:\/\/diariodigitalmx.com\/index.php\/wp-json\/wp\/v2\/media\/70597"}],"wp:attachment":[{"href":"https:\/\/diariodigitalmx.com\/index.php\/wp-json\/wp\/v2\/media?parent=70595"}],"wp:term":[{"taxonomy":"category","embeddable":true,"href":"https:\/\/diariodigitalmx.com\/index.php\/wp-json\/wp\/v2\/categories?post=70595"},{"taxonomy":"post_tag","embeddable":true,"href":"https:\/\/diariodigitalmx.com\/index.php\/wp-json\/wp\/v2\/tags?post=70595"}],"curies":[{"name":"wp","href":"https:\/\/api.w.org\/{rel}","templated":true}]}}