{"id":7064,"date":"2019-07-02T13:22:16","date_gmt":"2019-07-02T18:22:16","guid":{"rendered":"http:\/\/diariodigitalmx.com\/?p=7064"},"modified":"2019-07-02T13:41:21","modified_gmt":"2019-07-02T18:41:21","slug":"transportistas-de-la-crocnl-y-de-cuba-fortalecen-trabajo-y-amistad-celebran-dia-del-trabajador-cubano-en-la-isla","status":"publish","type":"post","link":"https:\/\/diariodigitalmx.com\/index.php\/2019\/07\/02\/transportistas-de-la-crocnl-y-de-cuba-fortalecen-trabajo-y-amistad-celebran-dia-del-trabajador-cubano-en-la-isla\/","title":{"rendered":"Transportistas de la CROCNL y de Cuba, fortalecen trabajo y amistad; celebran D\u00eda del Trabajador cubano en la isla"},"content":{"rendered":"\n<p>La Habana, Cuba.- Los lazos de\namistad y la relaci\u00f3n de trabajo entre los transportistas de la Confederaci\u00f3n\nRevolucionaria de Obreros y campesinos (CROC) de Nuevo Le\u00f3n, M\u00e9xico y sus\nsimilares de Cuba se fortalecieron tras m\u00e1s de 25 a\u00f1os de intercambiar y\naterrizar proyectos que permitan dinamizar el servicio que se presta en el\nautotransporte.<\/p>\n\n\n\n<p>Esa larga trayectoria de trabajo,\nprimero y luego fortalecida con lazos de amistad y cooperaci\u00f3n se inici\u00f3&nbsp; desde hace m\u00e1s de un cuarto der siglo con la\npresencia de las primeras delegaciones de croquistas de Nuevo Le\u00f3n, encabezadas\npor el visionario dirigente transportista y luego secretario general de la CROC\nestatal, Agust\u00edn Serna Serv\u00edn, (QEPD) quien comparti\u00f3 con los trabajadores del\nvolante momentos dif\u00edciles y triunfos en ese sector.<\/p>\n\n\n\n<p>Posteriormente, muy joven, Osvaldo\nSerna Serv\u00edn, un incipiente chofer de transporte p\u00fablico estudi\u00f3 en La Habana,\ndiversos cursos, entre otros, los relacionados con el movimiento obrero, su\nideolog\u00eda.<\/p>\n\n\n\n<p>Otro l\u00edder del autotransporte, tambi\u00e9n de la CROC, Ram\u00f3n Serna Serv\u00edn (reci\u00e9n fallecido) surgido desde las bases obreras, entabl\u00f3 una relaci\u00f3n de trabajo con los transportistas cubanos.<\/p>\n\n\n\n<figure class=\"wp-block-image\"><img loading=\"lazy\" decoding=\"async\" width=\"1024\" height=\"498\" src=\"http:\/\/diariodigitalmx.com\/wp-content\/uploads\/2019\/07\/CROC3-1024x498.jpg\" alt=\"\" class=\"wp-image-7068\" srcset=\"https:\/\/diariodigitalmx.com\/wp-content\/uploads\/2019\/07\/CROC3-1024x498.jpg 1024w, https:\/\/diariodigitalmx.com\/wp-content\/uploads\/2019\/07\/CROC3-300x146.jpg 300w, https:\/\/diariodigitalmx.com\/wp-content\/uploads\/2019\/07\/CROC3-768x373.jpg 768w, https:\/\/diariodigitalmx.com\/wp-content\/uploads\/2019\/07\/CROC3.jpg 1280w\" sizes=\"(max-width: 1024px) 100vw, 1024px\" \/><\/figure>\n\n\n\n<p>Ahora, Osvaldo Serna, en su calidad\nde secretario general de la Federaci\u00f3n Estatal de Sindicatos de Trabajadores\ndel Autotransporte de la CROC de Nuevo Le\u00f3n, rindi\u00f3 reconocimiento a los\ntrabajadores cubanos en el D\u00eda del Trabajador Cubano, en donde fueron invitados\ny en cuyo evento, resalt\u00f3 los esfuerzos que hacen en la isla por sacar adelante\nla econom\u00eda nacional, pese a las adversidades y al bloqueo que se tiene por\nparte de Estados Unidos.<\/p>\n\n\n\n<p>El dirigente de la FESTA, dijo a los\ntransportistas cubanos encabezados por&nbsp;\nKatia labrada Vidal, secretaria de Relaciones Internacionales del\nSindicato nacional de Trabajadores del Transporte y Puertos y a Franc Hern\u00e1ndez\nGonz\u00e1lez, secretario general del Transporte CTC de la provincia de Artemisa,\nque la CROC , la legendaria central obrera mexicana con sede en el industrial\nestado de Nuevo Le\u00f3n, es solidaria en todo momento con el gremio obrero cubano\npara establecer al mismo tiempo, proyectos que permitan alcanzar un\ncrecimiento&nbsp; del sector en beneficio de\nusuarios y trabajadores.<\/p>\n\n\n\n<p>Junto a Osvaldo Serna, una nueva generaci\u00f3n de l\u00edderes transportistas asistieron tambi\u00e9n Agust\u00edn Serna Cisneros, l\u00edder juvenil del transporte de la FESTA; Kevin Alan Medina Garza, V\u00edctor Hugo Ibarra Osorio y Guillermo Ceballos Garc\u00eda.<\/p>\n\n\n\n<figure class=\"wp-block-image\"><img loading=\"lazy\" decoding=\"async\" width=\"1024\" height=\"498\" src=\"http:\/\/diariodigitalmx.com\/wp-content\/uploads\/2019\/07\/CROC4-1024x498.jpg\" alt=\"\" class=\"wp-image-7071\" srcset=\"https:\/\/diariodigitalmx.com\/wp-content\/uploads\/2019\/07\/CROC4-1024x498.jpg 1024w, https:\/\/diariodigitalmx.com\/wp-content\/uploads\/2019\/07\/CROC4-300x146.jpg 300w, https:\/\/diariodigitalmx.com\/wp-content\/uploads\/2019\/07\/CROC4-768x373.jpg 768w, https:\/\/diariodigitalmx.com\/wp-content\/uploads\/2019\/07\/CROC4.jpg 1280w\" sizes=\"(max-width: 1024px) 100vw, 1024px\" \/><\/figure>\n\n\n\n<p>En el marco de los festejos la\ndelegaci\u00f3n obrera &nbsp;mexicana &nbsp;realiz\u00f3 una guardia de honor y adem\u00e1s\ncolocaron una ofrenda en el mausoleo donde se honra a los M\u00e1rtires del\nmovimiento 26 de Julio de 1953, fecha en que inici\u00f3 el cambio social en Cuba\npara derrocar al dictador Fulgencio Batista.<\/p>\n\n\n\n<p>Tambi\u00e9n se agradeci\u00f3 las atenciones\nde Ferm\u00edn Umpierre iraola, secretario general del Sindicato Nacional de\nTrabajadores del Transporte y Puertos de Cuba y establecieron el compromiso\nambas parte de encontrar soluciones a los problemas del transporte tanto en ese\npa\u00eds como en M\u00e9xico.<\/p>\n\n\n\n<ul class=\"wp-block-gallery columns-1 is-cropped wp-block-gallery-1 is-layout-flex wp-block-gallery-is-layout-flex\"><li class=\"blocks-gallery-item\"><figure><img loading=\"lazy\" decoding=\"async\" width=\"960\" height=\"720\" src=\"http:\/\/diariodigitalmx.com\/wp-content\/uploads\/2019\/07\/CROC6.jpg\" alt=\"\" data-id=\"7074\" data-link=\"http:\/\/diariodigitalmx.com\/index.php\/2019\/07\/02\/transportistas-de-la-crocnl-y-de-cuba-fortalecen-trabajo-y-amistad-celebran-dia-del-trabajador-cubano-en-la-isla\/croc6\/\" class=\"wp-image-7074\" srcset=\"https:\/\/diariodigitalmx.com\/wp-content\/uploads\/2019\/07\/CROC6.jpg 960w, https:\/\/diariodigitalmx.com\/wp-content\/uploads\/2019\/07\/CROC6-300x225.jpg 300w, https:\/\/diariodigitalmx.com\/wp-content\/uploads\/2019\/07\/CROC6-768x576.jpg 768w\" sizes=\"(max-width: 960px) 100vw, 960px\" \/><\/figure><\/li><\/ul>\n\n\n\n<ul class=\"wp-block-gallery columns-1 is-cropped wp-block-gallery-2 is-layout-flex wp-block-gallery-is-layout-flex\"><li class=\"blocks-gallery-item\"><figure><img loading=\"lazy\" decoding=\"async\" width=\"1024\" height=\"498\" src=\"http:\/\/diariodigitalmx.com\/wp-content\/uploads\/2019\/07\/CROC7-1024x498.jpg\" alt=\"\" data-id=\"7077\" data-link=\"http:\/\/diariodigitalmx.com\/index.php\/2019\/07\/02\/transportistas-de-la-crocnl-y-de-cuba-fortalecen-trabajo-y-amistad-celebran-dia-del-trabajador-cubano-en-la-isla\/croc7\/\" class=\"wp-image-7077\" srcset=\"https:\/\/diariodigitalmx.com\/wp-content\/uploads\/2019\/07\/CROC7-1024x498.jpg 1024w, https:\/\/diariodigitalmx.com\/wp-content\/uploads\/2019\/07\/CROC7-300x146.jpg 300w, https:\/\/diariodigitalmx.com\/wp-content\/uploads\/2019\/07\/CROC7-768x373.jpg 768w, https:\/\/diariodigitalmx.com\/wp-content\/uploads\/2019\/07\/CROC7.jpg 1280w\" sizes=\"(max-width: 1024px) 100vw, 1024px\" \/><\/figure><\/li><\/ul>\n\n\n\n<ul class=\"wp-block-gallery columns-1 is-cropped wp-block-gallery-3 is-layout-flex wp-block-gallery-is-layout-flex\"><li class=\"blocks-gallery-item\"><figure><img loading=\"lazy\" decoding=\"async\" width=\"1024\" height=\"498\" src=\"http:\/\/diariodigitalmx.com\/wp-content\/uploads\/2019\/07\/CROC5-1024x498.jpg\" alt=\"\" data-id=\"7079\" data-link=\"http:\/\/diariodigitalmx.com\/index.php\/2019\/07\/02\/transportistas-de-la-crocnl-y-de-cuba-fortalecen-trabajo-y-amistad-celebran-dia-del-trabajador-cubano-en-la-isla\/croc5\/\" class=\"wp-image-7079\" srcset=\"https:\/\/diariodigitalmx.com\/wp-content\/uploads\/2019\/07\/CROC5-1024x498.jpg 1024w, https:\/\/diariodigitalmx.com\/wp-content\/uploads\/2019\/07\/CROC5-300x146.jpg 300w, https:\/\/diariodigitalmx.com\/wp-content\/uploads\/2019\/07\/CROC5-768x373.jpg 768w, https:\/\/diariodigitalmx.com\/wp-content\/uploads\/2019\/07\/CROC5.jpg 1280w\" sizes=\"(max-width: 1024px) 100vw, 1024px\" \/><\/figure><\/li><\/ul>\n\n\n\n<figure class=\"wp-block-image\"><img loading=\"lazy\" decoding=\"async\" width=\"1024\" height=\"498\" src=\"http:\/\/diariodigitalmx.com\/wp-content\/uploads\/2019\/07\/CROC1-1024x498.jpg\" alt=\"\" class=\"wp-image-7082\" srcset=\"https:\/\/diariodigitalmx.com\/wp-content\/uploads\/2019\/07\/CROC1-1024x498.jpg 1024w, https:\/\/diariodigitalmx.com\/wp-content\/uploads\/2019\/07\/CROC1-300x146.jpg 300w, https:\/\/diariodigitalmx.com\/wp-content\/uploads\/2019\/07\/CROC1-768x373.jpg 768w, https:\/\/diariodigitalmx.com\/wp-content\/uploads\/2019\/07\/CROC1.jpg 1280w\" sizes=\"(max-width: 1024px) 100vw, 1024px\" \/><\/figure>\n\n\n\n<ul class=\"wp-block-gallery columns-0 is-cropped wp-block-gallery-4 is-layout-flex wp-block-gallery-is-layout-flex\"><\/ul>\n\n\n\n<figure class=\"wp-block-video\"><video controls src=\"blob:http:\/\/diariodigitalmx.com\/029f90d5-e575-4fb7-8dd7-bcf0f9cfb621\"><\/video><\/figure>\n","protected":false},"excerpt":{"rendered":"<p>La Habana, Cuba.- Los lazos de amistad y la relaci\u00f3n de trabajo entre los transportistas de la Confederaci\u00f3n Revolucionaria de Obreros y campesinos (CROC) de Nuevo Le\u00f3n, M\u00e9xico y sus similares de Cuba se fortalecieron tras m\u00e1s de 25 a\u00f1os de intercambiar y aterrizar proyectos que permitan dinamizar el servicio que se presta en el [&hellip;]<\/p>\n","protected":false},"author":1,"featured_media":7066,"comment_status":"open","ping_status":"open","sticky":true,"template":"","format":"standard","meta":{"footnotes":""},"categories":[14,4],"tags":[],"_links":{"self":[{"href":"https:\/\/diariodigitalmx.com\/index.php\/wp-json\/wp\/v2\/posts\/7064"}],"collection":[{"href":"https:\/\/diariodigitalmx.com\/index.php\/wp-json\/wp\/v2\/posts"}],"about":[{"href":"https:\/\/diariodigitalmx.com\/index.php\/wp-json\/wp\/v2\/types\/post"}],"author":[{"embeddable":true,"href":"https:\/\/diariodigitalmx.com\/index.php\/wp-json\/wp\/v2\/users\/1"}],"replies":[{"embeddable":true,"href":"https:\/\/diariodigitalmx.com\/index.php\/wp-json\/wp\/v2\/comments?post=7064"}],"version-history":[{"count":9,"href":"https:\/\/diariodigitalmx.com\/index.php\/wp-json\/wp\/v2\/posts\/7064\/revisions"}],"predecessor-version":[{"id":7092,"href":"https:\/\/diariodigitalmx.com\/index.php\/wp-json\/wp\/v2\/posts\/7064\/revisions\/7092"}],"wp:featuredmedia":[{"embeddable":true,"href":"https:\/\/diariodigitalmx.com\/index.php\/wp-json\/wp\/v2\/media\/7066"}],"wp:attachment":[{"href":"https:\/\/diariodigitalmx.com\/index.php\/wp-json\/wp\/v2\/media?parent=7064"}],"wp:term":[{"taxonomy":"category","embeddable":true,"href":"https:\/\/diariodigitalmx.com\/index.php\/wp-json\/wp\/v2\/categories?post=7064"},{"taxonomy":"post_tag","embeddable":true,"href":"https:\/\/diariodigitalmx.com\/index.php\/wp-json\/wp\/v2\/tags?post=7064"}],"curies":[{"name":"wp","href":"https:\/\/api.w.org\/{rel}","templated":true}]}}