{"id":70721,"date":"2022-01-30T15:12:56","date_gmt":"2022-01-30T21:12:56","guid":{"rendered":"http:\/\/diariodigitalmx.com\/?p=70721"},"modified":"2022-01-30T15:35:22","modified_gmt":"2022-01-30T21:35:22","slug":"van-8-cuerpos-encontrados-en-cementerio-clandestino-del-cds-podria-haber-mas","status":"publish","type":"post","link":"https:\/\/diariodigitalmx.com\/index.php\/2022\/01\/30\/van-8-cuerpos-encontrados-en-cementerio-clandestino-del-cds-podria-haber-mas\/","title":{"rendered":"Van 8 cuerpos encontrados en cementerio clandestino del CDS; podr\u00eda haber m\u00e1s"},"content":{"rendered":"\n<p>Escobedo &#8211; Los peritos de la Fiscal\u00eda General de Justicia de Nuevo Le\u00f3n encontraron un octavo cuerpo en el cementerio clandestino, donde enterraron a sus v\u00edctimas integrantes del C\u00e1rtel del Sinaloa.<\/p>\n\n\n\n<p>El hallazgo se realiz\u00f3 en un terreno bald\u00edo, en Escobedo, al norte de la zona metropolitana de Monterrey, como parte de la investigaci\u00f3n del presunto l\u00edder criminal Alan Ervey, &#8220;El Cano&#8221;, quien fue detenido hace d\u00edas en el municipio conurbado de Guadalupe.<\/p>\n\n\n\n<p>Derivado de las indagatorias, desde hace cinco d\u00edas se realizan excavaciones en un terreno bald\u00edo en el Camino a San Jos\u00e9 de los Sauces y la Avenida Gasoducto, en la Colonia Uni\u00f3n de Colonos Benito Ju\u00e1rez.<\/p>\n\n\n\n<p>La Fiscal\u00eda inform\u00f3 que el cad\u00e1ver localizado presenta estado de descomposici\u00f3n, por lo que no se pudo determinar el sexo ni una edad aproximada, mientras la causa de muerte est\u00e1 pendiente del resultado de la autopsia.&nbsp;<\/p>\n\n\n\n<p>El s\u00e1bado las autoridades hab\u00edan informado de 7 cuerpos localizados, pero por la noche se encontr\u00f3 el octavo. Todos los homicidios se atribuyen por la Fiscal\u00eda, al &#8220;El Cano&#8221; o &#8220;Comandante Cano&#8221;.&nbsp;<\/p>\n\n\n\n<p>Las autoridades siguen con las excavaciones pues creen pudiera haber m\u00e1s cuerpos enterrados, mientras agentes policiacos extraoficialmente dicen que, de acuerdo a las investigaciones, habr\u00eda al menos 25 cad\u00e1veres.&nbsp;<\/p>\n","protected":false},"excerpt":{"rendered":"<p>Escobedo &#8211; Los peritos de la Fiscal\u00eda General de Justicia de Nuevo Le\u00f3n encontraron un octavo cuerpo en el cementerio clandestino, donde enterraron a sus v\u00edctimas integrantes del C\u00e1rtel del Sinaloa. El hallazgo se realiz\u00f3 en un terreno bald\u00edo, en Escobedo, al norte de la zona metropolitana de Monterrey, como parte de la investigaci\u00f3n del [&hellip;]<\/p>\n","protected":false},"author":1,"featured_media":70538,"comment_status":"open","ping_status":"open","sticky":true,"template":"","format":"standard","meta":{"footnotes":""},"categories":[3,7],"tags":[],"_links":{"self":[{"href":"https:\/\/diariodigitalmx.com\/index.php\/wp-json\/wp\/v2\/posts\/70721"}],"collection":[{"href":"https:\/\/diariodigitalmx.com\/index.php\/wp-json\/wp\/v2\/posts"}],"about":[{"href":"https:\/\/diariodigitalmx.com\/index.php\/wp-json\/wp\/v2\/types\/post"}],"author":[{"embeddable":true,"href":"https:\/\/diariodigitalmx.com\/index.php\/wp-json\/wp\/v2\/users\/1"}],"replies":[{"embeddable":true,"href":"https:\/\/diariodigitalmx.com\/index.php\/wp-json\/wp\/v2\/comments?post=70721"}],"version-history":[{"count":1,"href":"https:\/\/diariodigitalmx.com\/index.php\/wp-json\/wp\/v2\/posts\/70721\/revisions"}],"predecessor-version":[{"id":70722,"href":"https:\/\/diariodigitalmx.com\/index.php\/wp-json\/wp\/v2\/posts\/70721\/revisions\/70722"}],"wp:featuredmedia":[{"embeddable":true,"href":"https:\/\/diariodigitalmx.com\/index.php\/wp-json\/wp\/v2\/media\/70538"}],"wp:attachment":[{"href":"https:\/\/diariodigitalmx.com\/index.php\/wp-json\/wp\/v2\/media?parent=70721"}],"wp:term":[{"taxonomy":"category","embeddable":true,"href":"https:\/\/diariodigitalmx.com\/index.php\/wp-json\/wp\/v2\/categories?post=70721"},{"taxonomy":"post_tag","embeddable":true,"href":"https:\/\/diariodigitalmx.com\/index.php\/wp-json\/wp\/v2\/tags?post=70721"}],"curies":[{"name":"wp","href":"https:\/\/api.w.org\/{rel}","templated":true}]}}