{"id":70724,"date":"2022-01-30T19:01:12","date_gmt":"2022-01-31T01:01:12","guid":{"rendered":"http:\/\/diariodigitalmx.com\/?p=70724"},"modified":"2022-01-30T19:07:14","modified_gmt":"2022-01-31T01:07:14","slug":"san-carlos-la-mejor-vista-mundial-de-un-atardecer","status":"publish","type":"post","link":"https:\/\/diariodigitalmx.com\/index.php\/2022\/01\/30\/san-carlos-la-mejor-vista-mundial-de-un-atardecer\/","title":{"rendered":"San Carlos\u2026. La mejor vista mundial de un atardecer"},"content":{"rendered":"\n<p>*Un atardecer sin igual<\/p>\n\n\n\n<p>Daniela Montalvo Herrera&nbsp;<\/p>\n\n\n\n<p>A pesar de que el espa\u00f1ol es uno de los idiomas m\u00e1s lindos y con mayor vocabulario, siento que a veces faltan palabras, estoy segura de que hay ocasiones en la vida, en la que no es posible transmitir con una palabra lo que siente el coraz\u00f3n.&nbsp;<\/p>\n\n\n\n<p>\u00bfQu\u00e9 palabra usas cuando est\u00e1s frente al lugar m\u00e1s lindo que jam\u00e1s hayas visto?, \u00bfqu\u00e9 palabra describe lo que sientes al llegar a un nuevo lugar y enterarte que has pertenecido a ese sitio desde siempre?, \u00bfqu\u00e9 palabra es la correcta cuando tu coraz\u00f3n late con tanta fuerza porque tus ojos logran ver un espect\u00e1culo como ning\u00fan otro?, estoy casi segura que no las hay.<\/p>\n\n\n\n<figure class=\"wp-block-image size-large\"><img loading=\"lazy\" decoding=\"async\" width=\"1024\" height=\"768\" src=\"http:\/\/diariodigitalmx.com\/wp-content\/uploads\/2022\/01\/IMG-20220130-WA0003-1024x768.jpg\" alt=\"\" class=\"wp-image-70728\" srcset=\"https:\/\/diariodigitalmx.com\/wp-content\/uploads\/2022\/01\/IMG-20220130-WA0003-1024x768.jpg 1024w, https:\/\/diariodigitalmx.com\/wp-content\/uploads\/2022\/01\/IMG-20220130-WA0003-300x225.jpg 300w, https:\/\/diariodigitalmx.com\/wp-content\/uploads\/2022\/01\/IMG-20220130-WA0003-768x576.jpg 768w, https:\/\/diariodigitalmx.com\/wp-content\/uploads\/2022\/01\/IMG-20220130-WA0003.jpg 1280w\" sizes=\"(max-width: 1024px) 100vw, 1024px\" \/><\/figure>\n\n\n\n<p>Hab\u00eda escuchado que las playas de San Carlos, Sonora eran \u00fanicas, pero pens\u00e9: \u201ceso dicen todos de su tierra\u201d, sin embargo, la magia del lugar te contagia desde antes de llegar.&nbsp;<\/p>\n\n\n\n<p>De Guaymas a San Carlos son aproximadamente 35 minutos en coche, aunque vale la pena ir muy lento, porque por el camino se alcanza a ver la Bah\u00eda de San Francisco, lugar en donde las nubes, el cielo y el mar, parecen ser uno mismo.<\/p>\n\n\n\n<figure class=\"wp-block-image size-large\"><img loading=\"lazy\" decoding=\"async\" width=\"768\" height=\"1024\" src=\"http:\/\/diariodigitalmx.com\/wp-content\/uploads\/2022\/01\/IMG-20220130-WA0004-768x1024.jpg\" alt=\"\" class=\"wp-image-70730\" srcset=\"https:\/\/diariodigitalmx.com\/wp-content\/uploads\/2022\/01\/IMG-20220130-WA0004-768x1024.jpg 768w, https:\/\/diariodigitalmx.com\/wp-content\/uploads\/2022\/01\/IMG-20220130-WA0004-225x300.jpg 225w, https:\/\/diariodigitalmx.com\/wp-content\/uploads\/2022\/01\/IMG-20220130-WA0004.jpg 960w\" sizes=\"(max-width: 768px) 100vw, 768px\" \/><\/figure>\n\n\n\n<p>Al llegar a San Carlos, respiras un ambiente de paz, reina el silencio y las nubes parecen posar para las fotograf\u00edas, es un escenario \u00fanico y perfecto, estando ah\u00ed me enter\u00e9 que la revista National Geographic destac\u00f3 al Mirador Esc\u00e9nico de San Carlos como la vista n\u00famero uno del Top 10 de Vistas del Oc\u00e9ano en el Mundo.<\/p>\n\n\n\n<figure class=\"wp-block-image size-large\"><img loading=\"lazy\" decoding=\"async\" width=\"768\" height=\"1024\" src=\"http:\/\/diariodigitalmx.com\/wp-content\/uploads\/2022\/01\/IMG-20220130-WA0005-768x1024.jpg\" alt=\"\" class=\"wp-image-70732\" srcset=\"https:\/\/diariodigitalmx.com\/wp-content\/uploads\/2022\/01\/IMG-20220130-WA0005-768x1024.jpg 768w, https:\/\/diariodigitalmx.com\/wp-content\/uploads\/2022\/01\/IMG-20220130-WA0005-225x300.jpg 225w, https:\/\/diariodigitalmx.com\/wp-content\/uploads\/2022\/01\/IMG-20220130-WA0005.jpg 960w\" sizes=\"(max-width: 768px) 100vw, 768px\" \/><\/figure>\n\n\n\n<p>Ah\u00ed estaba, frente a la vista del atardecer m\u00e1s hermoso del planeta, mi coraz\u00f3n latiendo con mucha fuerza, mi piel de gallina y unas ganas enormes de quedarme para siempre ah\u00ed.<\/p>\n\n\n\n<figure class=\"wp-block-image size-large\"><img loading=\"lazy\" decoding=\"async\" width=\"1024\" height=\"308\" src=\"http:\/\/diariodigitalmx.com\/wp-content\/uploads\/2022\/01\/IMG-20220130-WA0008-1024x308.jpg\" alt=\"\" class=\"wp-image-70734\" srcset=\"https:\/\/diariodigitalmx.com\/wp-content\/uploads\/2022\/01\/IMG-20220130-WA0008-1024x308.jpg 1024w, https:\/\/diariodigitalmx.com\/wp-content\/uploads\/2022\/01\/IMG-20220130-WA0008-300x90.jpg 300w, https:\/\/diariodigitalmx.com\/wp-content\/uploads\/2022\/01\/IMG-20220130-WA0008-768x231.jpg 768w, https:\/\/diariodigitalmx.com\/wp-content\/uploads\/2022\/01\/IMG-20220130-WA0008.jpg 1280w\" sizes=\"(max-width: 1024px) 100vw, 1024px\" \/><\/figure>\n\n\n\n<p>Pero adem\u00e1s de la vista, San Carlos posee una vida social de la que no te puedes perder, puedes rentar un bote y navegar o bien puedes unirte a las fiestas que hay por ah\u00ed, en donde la diversi\u00f3n, el mar y la m\u00fasica no paran.<\/p>\n\n\n\n<figure class=\"wp-block-image size-large\"><img loading=\"lazy\" decoding=\"async\" width=\"1024\" height=\"768\" src=\"http:\/\/diariodigitalmx.com\/wp-content\/uploads\/2022\/01\/IMG-20220130-WA0007-1024x768.jpg\" alt=\"\" class=\"wp-image-70737\" srcset=\"https:\/\/diariodigitalmx.com\/wp-content\/uploads\/2022\/01\/IMG-20220130-WA0007-1024x768.jpg 1024w, https:\/\/diariodigitalmx.com\/wp-content\/uploads\/2022\/01\/IMG-20220130-WA0007-300x225.jpg 300w, https:\/\/diariodigitalmx.com\/wp-content\/uploads\/2022\/01\/IMG-20220130-WA0007-768x576.jpg 768w, https:\/\/diariodigitalmx.com\/wp-content\/uploads\/2022\/01\/IMG-20220130-WA0007.jpg 1280w\" sizes=\"(max-width: 1024px) 100vw, 1024px\" \/><\/figure>\n\n\n\n<p>Hay una playa llamada \u201cPiedras pintas\u201d y es que las piedras efectivamente son pintas, hermosas, parecen talladas a mano y quiz\u00e1 lo m\u00e1s destacable es la tranquilidad del mar.&nbsp;<\/p>\n\n\n\n<p>San Carlos, maravilla de M\u00e9xico y del mundo, parada obligada si alguna vez visitas Sonora.<\/p>\n\n\n\n<figure class=\"wp-block-image size-large\"><img loading=\"lazy\" decoding=\"async\" width=\"1024\" height=\"768\" src=\"http:\/\/diariodigitalmx.com\/wp-content\/uploads\/2022\/01\/IMG-20220130-WA0006-1024x768.jpg\" alt=\"\" class=\"wp-image-70739\" srcset=\"https:\/\/diariodigitalmx.com\/wp-content\/uploads\/2022\/01\/IMG-20220130-WA0006-1024x768.jpg 1024w, https:\/\/diariodigitalmx.com\/wp-content\/uploads\/2022\/01\/IMG-20220130-WA0006-300x225.jpg 300w, https:\/\/diariodigitalmx.com\/wp-content\/uploads\/2022\/01\/IMG-20220130-WA0006-768x576.jpg 768w, https:\/\/diariodigitalmx.com\/wp-content\/uploads\/2022\/01\/IMG-20220130-WA0006.jpg 1280w\" sizes=\"(max-width: 1024px) 100vw, 1024px\" \/><\/figure>\n\n\n\n<p>Un pa\u00eds tan diverso y multicultural como M\u00e9xico, para una vida resulta sin fin.<\/p>\n\n\n\n<p>Vis\u00edtanos en M\u00e9xico Sin Fin en Facebook:&nbsp; <a href=\"https:\/\/www.facebook.com\/mexxicosinfin\">https:\/\/www.facebook.com\/mexxicosinfin<\/a><\/p>\n\n\n\n<p>WhatsApp: 8111706390<\/p>\n","protected":false},"excerpt":{"rendered":"<p>*Un atardecer sin igual Daniela Montalvo Herrera&nbsp; A pesar de que el espa\u00f1ol es uno de los idiomas m\u00e1s lindos y con mayor vocabulario, siento que a veces faltan palabras, estoy segura de que hay ocasiones en la vida, en la que no es posible transmitir con una palabra lo que siente el coraz\u00f3n.&nbsp; \u00bfQu\u00e9 [&hellip;]<\/p>\n","protected":false},"author":1,"featured_media":70727,"comment_status":"open","ping_status":"open","sticky":true,"template":"","format":"standard","meta":{"footnotes":""},"categories":[3,17],"tags":[],"_links":{"self":[{"href":"https:\/\/diariodigitalmx.com\/index.php\/wp-json\/wp\/v2\/posts\/70724"}],"collection":[{"href":"https:\/\/diariodigitalmx.com\/index.php\/wp-json\/wp\/v2\/posts"}],"about":[{"href":"https:\/\/diariodigitalmx.com\/index.php\/wp-json\/wp\/v2\/types\/post"}],"author":[{"embeddable":true,"href":"https:\/\/diariodigitalmx.com\/index.php\/wp-json\/wp\/v2\/users\/1"}],"replies":[{"embeddable":true,"href":"https:\/\/diariodigitalmx.com\/index.php\/wp-json\/wp\/v2\/comments?post=70724"}],"version-history":[{"count":7,"href":"https:\/\/diariodigitalmx.com\/index.php\/wp-json\/wp\/v2\/posts\/70724\/revisions"}],"predecessor-version":[{"id":70740,"href":"https:\/\/diariodigitalmx.com\/index.php\/wp-json\/wp\/v2\/posts\/70724\/revisions\/70740"}],"wp:featuredmedia":[{"embeddable":true,"href":"https:\/\/diariodigitalmx.com\/index.php\/wp-json\/wp\/v2\/media\/70727"}],"wp:attachment":[{"href":"https:\/\/diariodigitalmx.com\/index.php\/wp-json\/wp\/v2\/media?parent=70724"}],"wp:term":[{"taxonomy":"category","embeddable":true,"href":"https:\/\/diariodigitalmx.com\/index.php\/wp-json\/wp\/v2\/categories?post=70724"},{"taxonomy":"post_tag","embeddable":true,"href":"https:\/\/diariodigitalmx.com\/index.php\/wp-json\/wp\/v2\/tags?post=70724"}],"curies":[{"name":"wp","href":"https:\/\/api.w.org\/{rel}","templated":true}]}}