{"id":70755,"date":"2022-01-30T21:33:41","date_gmt":"2022-01-31T03:33:41","guid":{"rendered":"http:\/\/diariodigitalmx.com\/?p=70755"},"modified":"2022-01-30T21:34:11","modified_gmt":"2022-01-31T03:34:11","slug":"podria-dembele-dejar-al-barcelona","status":"publish","type":"post","link":"https:\/\/diariodigitalmx.com\/index.php\/2022\/01\/30\/podria-dembele-dejar-al-barcelona\/","title":{"rendered":"Podr\u00eda Demb\u00e9l\u00e9 dejar al Barcelona"},"content":{"rendered":"\n<p><\/p>\n\n\n\n<p>Por Rogelio Romero<\/p>\n\n\n\n<p>&nbsp;Mientras el mercado de fichajes de invierno para el f\u00fatbol espa\u00f1ol cierra este 31 de enero a la medianoche,&nbsp; en Barcelona se insist\u00eda en que el delantero franc\u00e9s&nbsp; Ousmane Demb\u00e9l\u00e9 estaba en pl\u00e1ticas con el PSG galo, esto para incorporarse ya sea de \u00faltimo momento o en negociaciones para la pr\u00f3xima temporada.<\/p>\n\n\n\n<p>Por lo que respecta al club catal\u00e1n la directiva no contempla al delantero franc\u00e9s para la pr\u00f3xima temporada, y en caso de que se quede lo que resta de este torneo que concluye en mayo, lo utilizar\u00eda lo menos posible para evitar que se lesione.<\/p>\n\n\n\n<p>El entrenador del Barcelona Xavi Hern\u00e1ndez hab\u00eda dicho en un principio que ten\u00eda planes para utilizar&nbsp; en su ataque al ofensor galo, pero despu\u00e9s tras enterarse de la posici\u00f3n oficial del club de que&nbsp; hab\u00eda planes de venderlo o&nbsp; que terminara su contrato para que se marchara, ya no mencion\u00f3 utilizarlo en su formaci\u00f3n principal.<\/p>\n\n\n\n<p>Barcelona se hizo de los servicios del delantero espa\u00f1ol Ferran Torres y busca repatriar de Italia a otro connacional, el tambi\u00e9n ofensor \u00c1lvaro Morata, lo que parece complicado si primero no se libera de Demb\u00e9l\u00e9,<\/p>\n\n\n\n<p>El contrato de Morata pertenece al Atl\u00e9tico de Madrid que quiere sacar tajada en caso de que&nbsp; se llegue a realizar la transacci\u00f3n por Morata, ya que los colchoneros no ver\u00edan mal que de la adquisici\u00f3n de Morata el Barcelona les descontara parte de los 40 millones de euros que deben a los catalanes por el traspaso del franc\u00e9s Antoine Griezmann&nbsp; al equipo madrile\u00f1o que ocurri\u00f3 la temporada pasada.<\/p>\n\n\n\n<p>El inter\u00e9s del PSG por Demb\u00e9l\u00e9 supuestamente se debe a que podr\u00eda sustituir en el ataque al tambi\u00e9n franc\u00e9s Kylian Mbapp\u00e9, jugador que termina su contrato con el club galo este pr\u00f3ximo verano y podr\u00eda marcharse al Real Madrid.<\/p>\n\n\n\n<p>Demb\u00e9l\u00e9 es un delantero de caracter\u00edsticas muy similares a Mbapp\u00e9 es decir tiene tremenda velocidad as\u00ed como instinto de gol, lo que encajar\u00eda perfectamente en el PSG donde jugar\u00eda al lado de cracks como Leo Messi y Neymar.<\/p>\n","protected":false},"excerpt":{"rendered":"<p>Por Rogelio Romero &nbsp;Mientras el mercado de fichajes de invierno para el f\u00fatbol espa\u00f1ol cierra este 31 de enero a la medianoche,&nbsp; en Barcelona se insist\u00eda en que el delantero franc\u00e9s&nbsp; Ousmane Demb\u00e9l\u00e9 estaba en pl\u00e1ticas con el PSG galo, esto para incorporarse ya sea de \u00faltimo momento o en negociaciones para la pr\u00f3xima temporada. [&hellip;]<\/p>\n","protected":false},"author":1,"featured_media":70757,"comment_status":"open","ping_status":"open","sticky":true,"template":"","format":"standard","meta":{"footnotes":""},"categories":[8,14],"tags":[],"_links":{"self":[{"href":"https:\/\/diariodigitalmx.com\/index.php\/wp-json\/wp\/v2\/posts\/70755"}],"collection":[{"href":"https:\/\/diariodigitalmx.com\/index.php\/wp-json\/wp\/v2\/posts"}],"about":[{"href":"https:\/\/diariodigitalmx.com\/index.php\/wp-json\/wp\/v2\/types\/post"}],"author":[{"embeddable":true,"href":"https:\/\/diariodigitalmx.com\/index.php\/wp-json\/wp\/v2\/users\/1"}],"replies":[{"embeddable":true,"href":"https:\/\/diariodigitalmx.com\/index.php\/wp-json\/wp\/v2\/comments?post=70755"}],"version-history":[{"count":1,"href":"https:\/\/diariodigitalmx.com\/index.php\/wp-json\/wp\/v2\/posts\/70755\/revisions"}],"predecessor-version":[{"id":70756,"href":"https:\/\/diariodigitalmx.com\/index.php\/wp-json\/wp\/v2\/posts\/70755\/revisions\/70756"}],"wp:featuredmedia":[{"embeddable":true,"href":"https:\/\/diariodigitalmx.com\/index.php\/wp-json\/wp\/v2\/media\/70757"}],"wp:attachment":[{"href":"https:\/\/diariodigitalmx.com\/index.php\/wp-json\/wp\/v2\/media?parent=70755"}],"wp:term":[{"taxonomy":"category","embeddable":true,"href":"https:\/\/diariodigitalmx.com\/index.php\/wp-json\/wp\/v2\/categories?post=70755"},{"taxonomy":"post_tag","embeddable":true,"href":"https:\/\/diariodigitalmx.com\/index.php\/wp-json\/wp\/v2\/tags?post=70755"}],"curies":[{"name":"wp","href":"https:\/\/api.w.org\/{rel}","templated":true}]}}