{"id":70805,"date":"2022-01-31T21:51:00","date_gmt":"2022-02-01T03:51:00","guid":{"rendered":"http:\/\/diariodigitalmx.com\/?p=70805"},"modified":"2022-01-31T21:52:08","modified_gmt":"2022-02-01T03:52:08","slug":"esta-mexico-en-una-recesion-tecnica","status":"publish","type":"post","link":"https:\/\/diariodigitalmx.com\/index.php\/2022\/01\/31\/esta-mexico-en-una-recesion-tecnica\/","title":{"rendered":"Est\u00e1 M\u00e9xico en una recesi\u00f3n t\u00e9cnica?"},"content":{"rendered":"\n<p>El Instituto Nacional de Estad\u00edstica y Geograf\u00eda (Inegi) inform\u00f3 que de acuerdo con datos desestacionalizados en el cuarto trimestre del a\u00f1o pasado la econom\u00eda mexicana report\u00f3 una ca\u00edda de 0.1 por ciento, con lo cual suma dos trimestres consecutivos de ca\u00eddas.<\/p>\n\n\n\n<p>Con esta informaci\u00f3n muchos analistas econ\u00f3micos-financieros aseguraron que la econom\u00eda mexicana cay\u00f3 en recesi\u00f3n t\u00e9cnica, pero \u00bfqu\u00e9 significa en realidad este t\u00e9rmino?<\/p>\n\n\n\n<p>\u00bfQU\u00c9 ES RECESI\u00d3N T\u00c9CNICA?<\/p>\n\n\n\n<p>En t\u00e9rminos generales una recesi\u00f3n t\u00e9cnica es cuando la econom\u00eda de un pa\u00eds registra contracciones del Producto Interno Bruto (PIB) durante dos trimestres consecutivos.&nbsp;<\/p>\n\n\n\n<p>La econom\u00eda mexicana registr\u00f3 en el periodo de julio a septiembre una ca\u00edda de 0.4 por ciento; mientras que para los \u00faltimos tres meses del a\u00f1o pasado la econom\u00eda se contrajo 0.1 por ciento; es por ello que se habla de que la econom\u00eda nacional entr\u00f3 en recesi\u00f3n.<\/p>\n\n\n\n<p>Sin embargo, existen voces en contra de utilizar este t\u00e9rmino para definir una ca\u00edda o estancamiento econ\u00f3mico, por ejemplo, Jonathan Heath, subgobernador del Banco de M\u00e9xico (Banxico), se\u00f1al\u00f3 que para considerar que la econom\u00eda cay\u00f3 en una recesi\u00f3n t\u00e9cnica se deben estudiar tres criterios: duraci\u00f3n, profundidad y difusi\u00f3n, de las cuales, se\u00f1ala s\u00f3lo se cumple la duraci\u00f3n.<\/p>\n\n\n\n<p>Por su parte, analistas como Banco Base refieren que la econom\u00eda mexicana atraviesa por una estanflaci\u00f3n (estancamiento econ\u00f3mico y alta inflaci\u00f3n), m\u00e1s que por una recesi\u00f3n t\u00e9cnica o una crisis econ\u00f3mica.<\/p>\n\n\n\n<p>\u00bfPOR QU\u00c9 ES PREOCUPANTE UNA RECESI\u00d3N T\u00c9CNICA?<\/p>\n\n\n\n<p>Especialistas aseguran que la recesi\u00f3n t\u00e9cnica es la antesala de una crisis econ\u00f3mica, pues en estos periodos de contracciones, se observa un desequilibrio entre la inversi\u00f3n y el ahorro, lo que implica ca\u00eddas en el empleo, en la inversi\u00f3n y en la producci\u00f3n.<\/p>\n\n\n\n<p>Es decir, una recesi\u00f3n t\u00e9cnica obedece m\u00e1s a ligeras contracciones que a\u00fan son posibles de corregir; en tanto que una crisis econ\u00f3mica ya observa una p\u00e9rdida en el ritmo de crecimiento econ\u00f3mico y adem\u00e1s implica una desestabilidad financiera pronunciada, que impactan directamente a nivel macro y microecon\u00f3mico<\/p>\n","protected":false},"excerpt":{"rendered":"<p>El Instituto Nacional de Estad\u00edstica y Geograf\u00eda (Inegi) inform\u00f3 que de acuerdo con datos desestacionalizados en el cuarto trimestre del a\u00f1o pasado la econom\u00eda mexicana report\u00f3 una ca\u00edda de 0.1 por ciento, con lo cual suma dos trimestres consecutivos de ca\u00eddas. Con esta informaci\u00f3n muchos analistas econ\u00f3micos-financieros aseguraron que la econom\u00eda mexicana cay\u00f3 en recesi\u00f3n [&hellip;]<\/p>\n","protected":false},"author":1,"featured_media":70807,"comment_status":"open","ping_status":"open","sticky":true,"template":"","format":"standard","meta":{"footnotes":""},"categories":[10,5],"tags":[],"_links":{"self":[{"href":"https:\/\/diariodigitalmx.com\/index.php\/wp-json\/wp\/v2\/posts\/70805"}],"collection":[{"href":"https:\/\/diariodigitalmx.com\/index.php\/wp-json\/wp\/v2\/posts"}],"about":[{"href":"https:\/\/diariodigitalmx.com\/index.php\/wp-json\/wp\/v2\/types\/post"}],"author":[{"embeddable":true,"href":"https:\/\/diariodigitalmx.com\/index.php\/wp-json\/wp\/v2\/users\/1"}],"replies":[{"embeddable":true,"href":"https:\/\/diariodigitalmx.com\/index.php\/wp-json\/wp\/v2\/comments?post=70805"}],"version-history":[{"count":1,"href":"https:\/\/diariodigitalmx.com\/index.php\/wp-json\/wp\/v2\/posts\/70805\/revisions"}],"predecessor-version":[{"id":70806,"href":"https:\/\/diariodigitalmx.com\/index.php\/wp-json\/wp\/v2\/posts\/70805\/revisions\/70806"}],"wp:featuredmedia":[{"embeddable":true,"href":"https:\/\/diariodigitalmx.com\/index.php\/wp-json\/wp\/v2\/media\/70807"}],"wp:attachment":[{"href":"https:\/\/diariodigitalmx.com\/index.php\/wp-json\/wp\/v2\/media?parent=70805"}],"wp:term":[{"taxonomy":"category","embeddable":true,"href":"https:\/\/diariodigitalmx.com\/index.php\/wp-json\/wp\/v2\/categories?post=70805"},{"taxonomy":"post_tag","embeddable":true,"href":"https:\/\/diariodigitalmx.com\/index.php\/wp-json\/wp\/v2\/tags?post=70805"}],"curies":[{"name":"wp","href":"https:\/\/api.w.org\/{rel}","templated":true}]}}