{"id":70808,"date":"2022-01-31T23:18:35","date_gmt":"2022-02-01T05:18:35","guid":{"rendered":"http:\/\/diariodigitalmx.com\/?p=70808"},"modified":"2022-01-31T23:19:18","modified_gmt":"2022-02-01T05:19:18","slug":"soy-un-hombre-de-resultados-dice-americo-a-morenistas","status":"publish","type":"post","link":"https:\/\/diariodigitalmx.com\/index.php\/2022\/01\/31\/soy-un-hombre-de-resultados-dice-americo-a-morenistas\/","title":{"rendered":"Soy un hombre de resultados, dice Am\u00e9rico a morenistas"},"content":{"rendered":"\n<p>Ciudad Victoria Tam.-Porque soy un hombre de resultados y porque tengo la esperanza como ustedes de traer la Cuarta Transformaci\u00f3n a Tamaulipas, el doctor Am\u00e9rico Villarreal Anaya precandidato \u00fanico por Morena a la gubernatura dijo a simpatizantes y militantes que no les va a fallar.<\/p>\n\n\n\n<p>Vamos por la cuarta transformaci\u00f3n que ya es una realidad en el estado, dijo.<\/p>\n\n\n\n<p>Vivimos una etapa hist\u00f3rica en la que por primera vez en M\u00e9xico se llev\u00f3 a cabo un cambio de r\u00e9gimen a trav\u00e9s de la democracia, en la que con el hartazgo, el descontento social y las malas pol\u00edticas p\u00fablicas de gobiernos anteriores llegamos a la transformaci\u00f3n de la vida p\u00fablica del Pa\u00eds.<\/p>\n\n\n\n<p>En la 4T, se marca un rumbo diferente, donde el servir al pueblo es nuestra primera premisa, en el cual no luchamos por un cargo personal, sino por el bienestar de todas y todos.<\/p>\n\n\n\n<p>En su mensaje la doctora Mar\u00eda Santiago de Villarreal Anaya, c\u00f3mo militante morenista hizo un llamado a los victorenses a acompa\u00f1arlos en este proyecto de transformaci\u00f3n que contribuir\u00e1 en el bienestar de todas las familias.<\/p>\n\n\n\n<p>Esta tierra a quien queremos mucho cuenta con gente trabajadora y muy productiva, se\u00f1al\u00f3.&nbsp;<\/p>\n\n\n\n<p>Por el bien de M\u00e9xico primero los pobres, en el que es necesario saber que estamos en una etapa hist\u00f3rica en la que si nosotros no tomamos acciones concretas para ir generando pol\u00edtica y atacar esas malas pr\u00e1cticas de clientelismo, jam\u00e1s lograremos un cambio en pol\u00edtica.<\/p>\n\n\n\n<p>Las y los tamaulipecos tenemos la tarea de ir accionando en conjunto con las comunidades, \u201cser pueblo y hacer pueblo\u201d.<\/p>\n","protected":false},"excerpt":{"rendered":"<p>Ciudad Victoria Tam.-Porque soy un hombre de resultados y porque tengo la esperanza como ustedes de traer la Cuarta Transformaci\u00f3n a Tamaulipas, el doctor Am\u00e9rico Villarreal Anaya precandidato \u00fanico por Morena a la gubernatura dijo a simpatizantes y militantes que no les va a fallar. Vamos por la cuarta transformaci\u00f3n que ya es una realidad [&hellip;]<\/p>\n","protected":false},"author":1,"featured_media":70810,"comment_status":"open","ping_status":"open","sticky":true,"template":"","format":"standard","meta":{"footnotes":""},"categories":[5,19],"tags":[],"_links":{"self":[{"href":"https:\/\/diariodigitalmx.com\/index.php\/wp-json\/wp\/v2\/posts\/70808"}],"collection":[{"href":"https:\/\/diariodigitalmx.com\/index.php\/wp-json\/wp\/v2\/posts"}],"about":[{"href":"https:\/\/diariodigitalmx.com\/index.php\/wp-json\/wp\/v2\/types\/post"}],"author":[{"embeddable":true,"href":"https:\/\/diariodigitalmx.com\/index.php\/wp-json\/wp\/v2\/users\/1"}],"replies":[{"embeddable":true,"href":"https:\/\/diariodigitalmx.com\/index.php\/wp-json\/wp\/v2\/comments?post=70808"}],"version-history":[{"count":1,"href":"https:\/\/diariodigitalmx.com\/index.php\/wp-json\/wp\/v2\/posts\/70808\/revisions"}],"predecessor-version":[{"id":70809,"href":"https:\/\/diariodigitalmx.com\/index.php\/wp-json\/wp\/v2\/posts\/70808\/revisions\/70809"}],"wp:featuredmedia":[{"embeddable":true,"href":"https:\/\/diariodigitalmx.com\/index.php\/wp-json\/wp\/v2\/media\/70810"}],"wp:attachment":[{"href":"https:\/\/diariodigitalmx.com\/index.php\/wp-json\/wp\/v2\/media?parent=70808"}],"wp:term":[{"taxonomy":"category","embeddable":true,"href":"https:\/\/diariodigitalmx.com\/index.php\/wp-json\/wp\/v2\/categories?post=70808"},{"taxonomy":"post_tag","embeddable":true,"href":"https:\/\/diariodigitalmx.com\/index.php\/wp-json\/wp\/v2\/tags?post=70808"}],"curies":[{"name":"wp","href":"https:\/\/api.w.org\/{rel}","templated":true}]}}