{"id":70811,"date":"2022-02-01T07:50:10","date_gmt":"2022-02-01T13:50:10","guid":{"rendered":"http:\/\/diariodigitalmx.com\/?p=70811"},"modified":"2022-02-01T07:50:52","modified_gmt":"2022-02-01T13:50:52","slug":"de-frente-y-de-perfil-71","status":"publish","type":"post","link":"https:\/\/diariodigitalmx.com\/index.php\/2022\/02\/01\/de-frente-y-de-perfil-71\/","title":{"rendered":"De frente y de perfil"},"content":{"rendered":"\n<p>Ram\u00f3n Zurita Sahag\u00fan <\/p>\n\n\n\n<p>CONVENCI\u00d3N DE MORENA<\/p>\n\n\n\n<p>Los tiempos no parecen los m\u00e1s \u00f3ptimos, aunque la fecha ya est\u00e1 decidida con antelaci\u00f3n, por lo que el s\u00e1bado pr\u00f3ximo se efectuar\u00e1 la Primera Convenci\u00f3n Nacional Morenista.<\/p>\n\n\n\n<p>El evento del que no hay mucha informaci\u00f3n ser\u00e1 el catalizador de los \u00e1nimos de los militantes del Movimiento de Regeneraci\u00f3n Nacional, los que no parecen vivir los tiempos no tan lejanos de 2018, cuando la efervescencia del triunfo de Andr\u00e9s Manuel L\u00f3pez Obrador y de las mayor\u00edas en el Senado de la Rep\u00fablica y la C\u00e1mara de Diputados, los manten\u00eda unidos.<\/p>\n\n\n\n<p>Sumamente distantes esos tiempos, ya que los actuales, tres y medio a\u00f1os despu\u00e9s, son distintos. Parecen llenos de rencores y de una soterrada disputa por el poder y el control de la ya no tan lejana candidatura presidencial.<\/p>\n\n\n\n<p>Rebeliones, inconformidades, luchas, pugnas, choques, confrontaciones, controversias, discusiones, pol\u00e9micas, debates y gritos y sombrerazos, empa\u00f1an el camino de MORENA hacia los distintos comicios que habr\u00e1n de celebrarse antes de la elecci\u00f3n presidencial.<\/p>\n\n\n\n<p>Para ello falta algo de camino por recorrer y este pasa por la aduana m\u00e1s pr\u00f3xima que es la del cinco de febrero del presente a\u00f1o, donde se podr\u00e1n dirimir posiciones y resolver los conflictos que se presentan al interior del partido y entre los principales mandos del Movimiento.<\/p>\n\n\n\n<p>La tarea no es sencilla, ya hay encono entre unos y otros y aunque en algunos casos se han suavizado las cosas, como lo es en la disputa entre Ricardo Monreal y Cuitl\u00e1huac Garc\u00eda, pero el fondo de le rencilla persiste y habr\u00e1 que ver cuando se resuelve, sea favorable para uno u otro.<\/p>\n\n\n\n<p>Lo que le viene sucediendo a Mario delgado no es nuevo, ni tampoco causa asombro, ya que desde siempre se manifiesta, en los momentos en que se recurre a las llamadas encuestas que determinan quienes ser\u00e1n los o las candidatas a los gobiernos estatales.<\/p>\n\n\n\n<p>En la anterior contienda, la del a\u00f1o pasado, en que se eligieron a 15 candidatos y candidatas a los gobiernos estatales, no caus\u00f3 tanto revuelo, aunque en entidades como Baja California, San Luis Potos\u00ed, Chihuahua, Guerrero, Michoac\u00e1n y Nuevo le\u00f3n, surgieron protestas, por razones diversas.<\/p>\n\n\n\n<p>Por el contrario, en la selecci\u00f3n de candidatos para contender por los gobiernos de Aguascalientes, Durango, Hidalgo, Oaxaca, Quintana Roo y Tamaulipas, las protestas son m\u00faltiples y la molestia va en crecimiento.<\/p>\n\n\n\n<p>La pugna contin\u00faa, con todo y que las candidaturas de cada uno o una de los seleccionados est\u00e1n siendo ratificadas, las cosas ya no se aprecian tan claras para MORENA.<\/p>\n\n\n\n<p>Les han surgido contendientes que pueden poner en un predicamento sus triunfos, si es que no van unidos en los comicios del cinco de junio pr\u00f3ximos.<\/p>\n\n\n\n<p>Durango, Hidalgo, Tamaulipas y Quintana Roo se les est\u00e1 enredando a los morenistas y ni se diga de Aguascalientes, donde no se les da casi ninguna posibilidad de victoria.<\/p>\n\n\n\n<p>Oaxaca mantiene vivo el reclamo de Susana Harp en contra de la candidatura de Salom\u00f3n Jara, aunque los opositores no aprovechan ese conflicto y presentan candidatos catalogados como flanes.<\/p>\n\n\n\n<p>En Quintana Roo, un inflado candidato de Movimiento Ciudadano, asesorado por la ex gobernadora de Yucat\u00e1n, Ivonne Ortega, salta a la palestra para disputar el triunfo a Mara Lezama, la gran favorita, quien enfrenta barreras como la de su compa\u00f1era de partido Marybel Villegas y otros m\u00e1s.<\/p>\n\n\n\n<p>Hidalgo sufri\u00f3 una ruptura dentro de MORENA, pues el alica\u00eddo Francisco Xavier Berganza, se sali\u00f3 de las filas de MORENA y regres\u00f3 al Movimiento Ciudadano del que ya hab\u00eda sido candidato a gobernador hace varios a\u00f1os y Julio Ram\u00f3n Menchaca puede sufrir una mengua en sus simpat\u00edas, aunque no sean muchas. Priistas, panistas y perredista presentan una combativa candidata Carolina Viggiano.<\/p>\n\n\n\n<p>Durango dej\u00f3 constancia de la fuerza que mantiene Jos\u00e9 Ram\u00f3n Enr\u00edquez, en litigio con Marina Vitela, la candidata a gobernadora de MORENA. Los abucheos contra Mario Delgado lo certifican. Esteban Villegas de la Alianza va por Durango es un duro hueso de roer.<\/p>\n\n\n\n<p>Por eso lo que suceda el s\u00e1bado pr\u00f3ximo podr\u00eda influir fuertemente en las campa\u00f1as electorales que se desarrollar\u00e1n en abril y mayo pr\u00f3ximo.<\/p>\n\n\n\n<p>Email: ramonzurita44@hotmail.com<\/p>\n","protected":false},"excerpt":{"rendered":"<p>Ram\u00f3n Zurita Sahag\u00fan CONVENCI\u00d3N DE MORENA Los tiempos no parecen los m\u00e1s \u00f3ptimos, aunque la fecha ya est\u00e1 decidida con antelaci\u00f3n, por lo que el s\u00e1bado pr\u00f3ximo se efectuar\u00e1 la Primera Convenci\u00f3n Nacional Morenista. El evento del que no hay mucha informaci\u00f3n ser\u00e1 el catalizador de los \u00e1nimos de los militantes del Movimiento de Regeneraci\u00f3n [&hellip;]<\/p>\n","protected":false},"author":1,"featured_media":70813,"comment_status":"open","ping_status":"open","sticky":true,"template":"","format":"standard","meta":{"footnotes":""},"categories":[14,12],"tags":[],"_links":{"self":[{"href":"https:\/\/diariodigitalmx.com\/index.php\/wp-json\/wp\/v2\/posts\/70811"}],"collection":[{"href":"https:\/\/diariodigitalmx.com\/index.php\/wp-json\/wp\/v2\/posts"}],"about":[{"href":"https:\/\/diariodigitalmx.com\/index.php\/wp-json\/wp\/v2\/types\/post"}],"author":[{"embeddable":true,"href":"https:\/\/diariodigitalmx.com\/index.php\/wp-json\/wp\/v2\/users\/1"}],"replies":[{"embeddable":true,"href":"https:\/\/diariodigitalmx.com\/index.php\/wp-json\/wp\/v2\/comments?post=70811"}],"version-history":[{"count":1,"href":"https:\/\/diariodigitalmx.com\/index.php\/wp-json\/wp\/v2\/posts\/70811\/revisions"}],"predecessor-version":[{"id":70812,"href":"https:\/\/diariodigitalmx.com\/index.php\/wp-json\/wp\/v2\/posts\/70811\/revisions\/70812"}],"wp:featuredmedia":[{"embeddable":true,"href":"https:\/\/diariodigitalmx.com\/index.php\/wp-json\/wp\/v2\/media\/70813"}],"wp:attachment":[{"href":"https:\/\/diariodigitalmx.com\/index.php\/wp-json\/wp\/v2\/media?parent=70811"}],"wp:term":[{"taxonomy":"category","embeddable":true,"href":"https:\/\/diariodigitalmx.com\/index.php\/wp-json\/wp\/v2\/categories?post=70811"},{"taxonomy":"post_tag","embeddable":true,"href":"https:\/\/diariodigitalmx.com\/index.php\/wp-json\/wp\/v2\/tags?post=70811"}],"curies":[{"name":"wp","href":"https:\/\/api.w.org\/{rel}","templated":true}]}}