{"id":70814,"date":"2022-02-01T08:27:54","date_gmt":"2022-02-01T14:27:54","guid":{"rendered":"http:\/\/diariodigitalmx.com\/?p=70814"},"modified":"2022-02-01T08:29:25","modified_gmt":"2022-02-01T14:29:25","slug":"muere-el-obispo-onesimo-cepeda","status":"publish","type":"post","link":"https:\/\/diariodigitalmx.com\/index.php\/2022\/02\/01\/muere-el-obispo-onesimo-cepeda\/","title":{"rendered":"Muere el obispo On\u00e9simo Cepeda"},"content":{"rendered":"\n<p>On\u00e9simo Cepeda, obispo em\u00e9rito de Ecatepec, muri\u00f3 la noche del lunes a consecuencia del Covid.&nbsp;<\/p>\n\n\n\n<p>Desde hace poco m\u00e1s de una semana se hab\u00eda anunciado que el prelado hab\u00eda contra\u00eddo la enfermedad y que hubo la necesidad de intubarlo.<\/p>\n\n\n\n<p>La Conferencia del Episcopado Mexicano confirm\u00f3 la muerte de Cepeda.<\/p>\n\n\n\n<figure class=\"wp-block-image size-large\"><img loading=\"lazy\" decoding=\"async\" width=\"838\" height=\"890\" src=\"http:\/\/diariodigitalmx.com\/wp-content\/uploads\/2022\/02\/Screenshot_20220201_081657_com.android.chrome2.jpg\" alt=\"\" class=\"wp-image-70817\" srcset=\"https:\/\/diariodigitalmx.com\/wp-content\/uploads\/2022\/02\/Screenshot_20220201_081657_com.android.chrome2.jpg 838w, https:\/\/diariodigitalmx.com\/wp-content\/uploads\/2022\/02\/Screenshot_20220201_081657_com.android.chrome2-282x300.jpg 282w, https:\/\/diariodigitalmx.com\/wp-content\/uploads\/2022\/02\/Screenshot_20220201_081657_com.android.chrome2-768x816.jpg 768w\" sizes=\"(max-width: 838px) 100vw, 838px\" \/><\/figure>\n\n\n\n<p>La Di\u00f3cesis de Ecatepec tambi\u00e9n comunic\u00f3 el deceso del obispo em\u00e9rito.<\/p>\n\n\n\n<figure class=\"wp-block-image size-large\"><img loading=\"lazy\" decoding=\"async\" width=\"883\" height=\"904\" src=\"http:\/\/diariodigitalmx.com\/wp-content\/uploads\/2022\/02\/Screenshot_20220201_082348_com.android.chrome2.jpg\" alt=\"\" class=\"wp-image-70819\" srcset=\"https:\/\/diariodigitalmx.com\/wp-content\/uploads\/2022\/02\/Screenshot_20220201_082348_com.android.chrome2.jpg 883w, https:\/\/diariodigitalmx.com\/wp-content\/uploads\/2022\/02\/Screenshot_20220201_082348_com.android.chrome2-293x300.jpg 293w, https:\/\/diariodigitalmx.com\/wp-content\/uploads\/2022\/02\/Screenshot_20220201_082348_com.android.chrome2-768x786.jpg 768w\" sizes=\"(max-width: 883px) 100vw, 883px\" \/><\/figure>\n\n\n\n<p>Representantes de diversos sectores sociales del Pa\u00eds, incluida la presidencia de la Rep\u00fablica, lamentaron el deceso del obispo.&nbsp;<\/p>\n","protected":false},"excerpt":{"rendered":"<p>On\u00e9simo Cepeda, obispo em\u00e9rito de Ecatepec, muri\u00f3 la noche del lunes a consecuencia del Covid.&nbsp; Desde hace poco m\u00e1s de una semana se hab\u00eda anunciado que el prelado hab\u00eda contra\u00eddo la enfermedad y que hubo la necesidad de intubarlo. La Conferencia del Episcopado Mexicano confirm\u00f3 la muerte de Cepeda. La Di\u00f3cesis de Ecatepec tambi\u00e9n comunic\u00f3 [&hellip;]<\/p>\n","protected":false},"author":1,"featured_media":70816,"comment_status":"open","ping_status":"open","sticky":true,"template":"","format":"standard","meta":{"footnotes":""},"categories":[2,3],"tags":[],"_links":{"self":[{"href":"https:\/\/diariodigitalmx.com\/index.php\/wp-json\/wp\/v2\/posts\/70814"}],"collection":[{"href":"https:\/\/diariodigitalmx.com\/index.php\/wp-json\/wp\/v2\/posts"}],"about":[{"href":"https:\/\/diariodigitalmx.com\/index.php\/wp-json\/wp\/v2\/types\/post"}],"author":[{"embeddable":true,"href":"https:\/\/diariodigitalmx.com\/index.php\/wp-json\/wp\/v2\/users\/1"}],"replies":[{"embeddable":true,"href":"https:\/\/diariodigitalmx.com\/index.php\/wp-json\/wp\/v2\/comments?post=70814"}],"version-history":[{"count":3,"href":"https:\/\/diariodigitalmx.com\/index.php\/wp-json\/wp\/v2\/posts\/70814\/revisions"}],"predecessor-version":[{"id":70820,"href":"https:\/\/diariodigitalmx.com\/index.php\/wp-json\/wp\/v2\/posts\/70814\/revisions\/70820"}],"wp:featuredmedia":[{"embeddable":true,"href":"https:\/\/diariodigitalmx.com\/index.php\/wp-json\/wp\/v2\/media\/70816"}],"wp:attachment":[{"href":"https:\/\/diariodigitalmx.com\/index.php\/wp-json\/wp\/v2\/media?parent=70814"}],"wp:term":[{"taxonomy":"category","embeddable":true,"href":"https:\/\/diariodigitalmx.com\/index.php\/wp-json\/wp\/v2\/categories?post=70814"},{"taxonomy":"post_tag","embeddable":true,"href":"https:\/\/diariodigitalmx.com\/index.php\/wp-json\/wp\/v2\/tags?post=70814"}],"curies":[{"name":"wp","href":"https:\/\/api.w.org\/{rel}","templated":true}]}}