{"id":70824,"date":"2022-02-01T18:24:47","date_gmt":"2022-02-02T00:24:47","guid":{"rendered":"http:\/\/diariodigitalmx.com\/?p=70824"},"modified":"2022-02-01T18:26:03","modified_gmt":"2022-02-02T00:26:03","slug":"solicita-waldo-fernandez-realizar-auditorias-ambientales","status":"publish","type":"post","link":"https:\/\/diariodigitalmx.com\/index.php\/2022\/02\/01\/solicita-waldo-fernandez-realizar-auditorias-ambientales\/","title":{"rendered":"Solicita Waldo Fern\u00e1ndez realizar auditor\u00edas ambientales"},"content":{"rendered":"\n<p>Monterrey- El Diputado de Morena, Waldo Fern\u00e1ndez Gonz\u00e1lez solicit\u00f3 en el Congreso Local impulsar un Punto de Acuerdo para exhortar al Estado de Nuevo Le\u00f3n a que convoque un convenio de colaboraci\u00f3n con las autoridades federales, a fin de que se le faculte para realizar auditor\u00edas ambientales a empresas contaminantes.&nbsp;<\/p>\n\n\n\n<p>Asimismo, remita al Congreso el padr\u00f3n de empresas contaminantes y se informen las pol\u00edticas p\u00fablicas llevadas a cabo para reducir las emisiones contaminantes en Nuevo Le\u00f3n.\u00a0<\/p>\n\n\n\n<figure class=\"wp-block-image size-large\"><img loading=\"lazy\" decoding=\"async\" width=\"682\" height=\"1024\" src=\"http:\/\/diariodigitalmx.com\/wp-content\/uploads\/2022\/02\/IMG-20220201-WA0006-682x1024.jpg\" alt=\"\" class=\"wp-image-70828\" srcset=\"https:\/\/diariodigitalmx.com\/wp-content\/uploads\/2022\/02\/IMG-20220201-WA0006-682x1024.jpg 682w, https:\/\/diariodigitalmx.com\/wp-content\/uploads\/2022\/02\/IMG-20220201-WA0006-200x300.jpg 200w, https:\/\/diariodigitalmx.com\/wp-content\/uploads\/2022\/02\/IMG-20220201-WA0006-768x1152.jpg 768w, https:\/\/diariodigitalmx.com\/wp-content\/uploads\/2022\/02\/IMG-20220201-WA0006.jpg 853w\" sizes=\"(max-width: 682px) 100vw, 682px\" \/><\/figure>\n\n\n\n<p>Esto, dado que la calidad del aire debe ser un tema prioritario en la agenda de todos los \u00e1mbitos gubernamentales, luego de que la pandemia del Covid-19 expusiera los efectos de la contaminaci\u00f3n del aire en la salud y que en el caso del estado, a diferencia de otros lugares, el cubrebocas tenga que convertirse en una prenda esencial de por vida, a causa de los aires t\u00f3xicos que respiramos, enfatiz\u00f3 el legislador.<\/p>\n\n\n\n<p>Waldo Fern\u00e1ndez, mencion\u00f3 que desgraciadamente y pese a que el Gobernador Samuel Garc\u00eda asegur\u00f3 que no ceder\u00eda en cuanto a los impuestos verdes, las facilidades administrativas \u201cmatan\u201d al impuesto que impulsan amparos contra \u00e9ste. Siendo esta la herramienta del Ejecutivo Estatal para mejorar la calidad del aire, lo que le queda al legislativo, dijo el diputado local, es exhortar a las autoridades a resolver el problema de fondo mediante otras instancias y que involucre a la Federaci\u00f3n.&nbsp;<\/p>\n\n\n\n<p>El exhorto fue aprobado por unanimidad por los legisladores.<\/p>\n","protected":false},"excerpt":{"rendered":"<p>Monterrey- El Diputado de Morena, Waldo Fern\u00e1ndez Gonz\u00e1lez solicit\u00f3 en el Congreso Local impulsar un Punto de Acuerdo para exhortar al Estado de Nuevo Le\u00f3n a que convoque un convenio de colaboraci\u00f3n con las autoridades federales, a fin de que se le faculte para realizar auditor\u00edas ambientales a empresas contaminantes.&nbsp; Asimismo, remita al Congreso el [&hellip;]<\/p>\n","protected":false},"author":1,"featured_media":70826,"comment_status":"open","ping_status":"open","sticky":true,"template":"","format":"standard","meta":{"footnotes":""},"categories":[6,5],"tags":[],"_links":{"self":[{"href":"https:\/\/diariodigitalmx.com\/index.php\/wp-json\/wp\/v2\/posts\/70824"}],"collection":[{"href":"https:\/\/diariodigitalmx.com\/index.php\/wp-json\/wp\/v2\/posts"}],"about":[{"href":"https:\/\/diariodigitalmx.com\/index.php\/wp-json\/wp\/v2\/types\/post"}],"author":[{"embeddable":true,"href":"https:\/\/diariodigitalmx.com\/index.php\/wp-json\/wp\/v2\/users\/1"}],"replies":[{"embeddable":true,"href":"https:\/\/diariodigitalmx.com\/index.php\/wp-json\/wp\/v2\/comments?post=70824"}],"version-history":[{"count":3,"href":"https:\/\/diariodigitalmx.com\/index.php\/wp-json\/wp\/v2\/posts\/70824\/revisions"}],"predecessor-version":[{"id":70829,"href":"https:\/\/diariodigitalmx.com\/index.php\/wp-json\/wp\/v2\/posts\/70824\/revisions\/70829"}],"wp:featuredmedia":[{"embeddable":true,"href":"https:\/\/diariodigitalmx.com\/index.php\/wp-json\/wp\/v2\/media\/70826"}],"wp:attachment":[{"href":"https:\/\/diariodigitalmx.com\/index.php\/wp-json\/wp\/v2\/media?parent=70824"}],"wp:term":[{"taxonomy":"category","embeddable":true,"href":"https:\/\/diariodigitalmx.com\/index.php\/wp-json\/wp\/v2\/categories?post=70824"},{"taxonomy":"post_tag","embeddable":true,"href":"https:\/\/diariodigitalmx.com\/index.php\/wp-json\/wp\/v2\/tags?post=70824"}],"curies":[{"name":"wp","href":"https:\/\/api.w.org\/{rel}","templated":true}]}}