{"id":70859,"date":"2022-02-02T19:22:36","date_gmt":"2022-02-03T01:22:36","guid":{"rendered":"http:\/\/diariodigitalmx.com\/?p=70859"},"modified":"2022-02-02T19:29:27","modified_gmt":"2022-02-03T01:29:27","slug":"da-las-noticias-con-su-bebe-en-brazos-no-tenia-quien-se-la-cuidara","status":"publish","type":"post","link":"https:\/\/diariodigitalmx.com\/index.php\/2022\/02\/02\/da-las-noticias-con-su-bebe-en-brazos-no-tenia-quien-se-la-cuidara\/","title":{"rendered":"Da las noticias con su beb\u00e9 en brazos; no ten\u00eda quien se la cuidara"},"content":{"rendered":"\n<p>Yazm\u00edn Novelo no ten\u00eda quien le cuidara a su beb\u00e9 y decidi\u00f3 llevarlo a su trabajo, como ha sucedido con muchas madres que tienen esa oportunidad.<\/p>\n\n\n\n<p>Sin embargo, no tendr\u00eda nada de extra\u00f1o que llevara consigo a su hija, a no ser que Yazm\u00edn es conductora de televisi\u00f3n.<\/p>\n\n\n\n<p>Ella llev\u00f3 a su hija al aire en la conducci\u00f3n del noticiero maya en Yucat\u00e1n, del canal 13.<\/p>\n\n\n\n<p>La ni\u00f1era no lleg\u00f3, su esposo est\u00e1 enfermo y su familia vive fuera de M\u00e9rida, por lo que en redes sociales comparti\u00f3 a 30 minutos de salir en el programa que no hab\u00eda qui\u00e9n la apoyara con su hija.<\/p>\n\n\n\n<figure class=\"wp-block-image size-large\"><img loading=\"lazy\" decoding=\"async\" width=\"851\" height=\"1024\" src=\"http:\/\/diariodigitalmx.com\/wp-content\/uploads\/2022\/02\/Screenshot_20220202-1912212-851x1024.png\" alt=\"\" class=\"wp-image-70862\" srcset=\"https:\/\/diariodigitalmx.com\/wp-content\/uploads\/2022\/02\/Screenshot_20220202-1912212-851x1024.png 851w, https:\/\/diariodigitalmx.com\/wp-content\/uploads\/2022\/02\/Screenshot_20220202-1912212-249x300.png 249w, https:\/\/diariodigitalmx.com\/wp-content\/uploads\/2022\/02\/Screenshot_20220202-1912212-768x924.png 768w, https:\/\/diariodigitalmx.com\/wp-content\/uploads\/2022\/02\/Screenshot_20220202-1912212.png 1055w\" sizes=\"(max-width: 851px) 100vw, 851px\" \/><\/figure>\n\n\n\n<p>Sus jefes, los directores le permitieron salir con su hija, y as\u00ed anunciaron el noticiero: &#8220;Damos inicio a nuestro primer programa al aire del noticiero maya con conductora y beb\u00e9 en brazos&#8221;.<\/p>\n\n\n\n<p>La conductora agradeci\u00f3 a todo su equipo de trabajo por apoyarla en este experiencia. &#8220;Alex quien le hac\u00eda caras chistosas a beb\u00e9 para que no llorara mientras yo comentaba las notas&#8221;.<\/p>\n\n\n\n<p>\u200cEn redes sociales, la conductora se\u00f1al\u00f3 que a un tercio de la poblaci\u00f3n, o sea los ni\u00f1os, se les ha exigido estar en silencio sin hacer ruido, y critica esta cultura adultocentrista donde los ni\u00f1os y ni\u00f1as quedan invisibilizados.<\/p>\n\n\n\n<p>\u200cEstoy infinitamente agradecida con quienes me etiquetaron, difundieron y aplaudieron pero tambi\u00e9n quiero y creo importante visibilizar los factores complementarios y personas que hicieron posible que ser mujer y ser mam\u00e1 no sea una limitante laboral como hist\u00f3ricamente ha sido&#8221;, explic\u00f3 Novelo.<\/p>\n","protected":false},"excerpt":{"rendered":"<p>Yazm\u00edn Novelo no ten\u00eda quien le cuidara a su beb\u00e9 y decidi\u00f3 llevarlo a su trabajo, como ha sucedido con muchas madres que tienen esa oportunidad. Sin embargo, no tendr\u00eda nada de extra\u00f1o que llevara consigo a su hija, a no ser que Yazm\u00edn es conductora de televisi\u00f3n. Ella llev\u00f3 a su hija al aire [&hellip;]<\/p>\n","protected":false},"author":1,"featured_media":70861,"comment_status":"open","ping_status":"open","sticky":true,"template":"","format":"standard","meta":{"footnotes":""},"categories":[2,5],"tags":[],"_links":{"self":[{"href":"https:\/\/diariodigitalmx.com\/index.php\/wp-json\/wp\/v2\/posts\/70859"}],"collection":[{"href":"https:\/\/diariodigitalmx.com\/index.php\/wp-json\/wp\/v2\/posts"}],"about":[{"href":"https:\/\/diariodigitalmx.com\/index.php\/wp-json\/wp\/v2\/types\/post"}],"author":[{"embeddable":true,"href":"https:\/\/diariodigitalmx.com\/index.php\/wp-json\/wp\/v2\/users\/1"}],"replies":[{"embeddable":true,"href":"https:\/\/diariodigitalmx.com\/index.php\/wp-json\/wp\/v2\/comments?post=70859"}],"version-history":[{"count":2,"href":"https:\/\/diariodigitalmx.com\/index.php\/wp-json\/wp\/v2\/posts\/70859\/revisions"}],"predecessor-version":[{"id":70863,"href":"https:\/\/diariodigitalmx.com\/index.php\/wp-json\/wp\/v2\/posts\/70859\/revisions\/70863"}],"wp:featuredmedia":[{"embeddable":true,"href":"https:\/\/diariodigitalmx.com\/index.php\/wp-json\/wp\/v2\/media\/70861"}],"wp:attachment":[{"href":"https:\/\/diariodigitalmx.com\/index.php\/wp-json\/wp\/v2\/media?parent=70859"}],"wp:term":[{"taxonomy":"category","embeddable":true,"href":"https:\/\/diariodigitalmx.com\/index.php\/wp-json\/wp\/v2\/categories?post=70859"},{"taxonomy":"post_tag","embeddable":true,"href":"https:\/\/diariodigitalmx.com\/index.php\/wp-json\/wp\/v2\/tags?post=70859"}],"curies":[{"name":"wp","href":"https:\/\/api.w.org\/{rel}","templated":true}]}}