{"id":70871,"date":"2022-02-03T02:23:53","date_gmt":"2022-02-03T08:23:53","guid":{"rendered":"http:\/\/diariodigitalmx.com\/?p=70871"},"modified":"2022-02-03T02:24:24","modified_gmt":"2022-02-03T08:24:24","slug":"por-cierto-475","status":"publish","type":"post","link":"https:\/\/diariodigitalmx.com\/index.php\/2022\/02\/03\/por-cierto-475\/","title":{"rendered":"Por cierto&#8230;"},"content":{"rendered":"\n<p>\u00d3scar Tamez Rodr\u00edguez<\/p>\n\n\n\n<p>Lo que menos quieres en casa lo habr\u00e1s de tener. Este refr\u00e1n de la sabidur\u00eda popular refleja lo que vive el l\u00edder de la 4T y su hijo Jos\u00e9 Ram\u00f3n. Es que mientras el gobierno federal pregona austeridad, transparencia, combate a la corrupci\u00f3n y justa median\u00eda; el hijo del mandatario predica con el ejemplo todo lo contrario. Vaya, el v\u00e1stago del gobernante vive al mejor estilo aspiracionista, sin trabajar, con riqueza inexplicable y vinculado a empresas que negocian con el gobierno de la 4T. Dec\u00eda mi abuela Juana: \u201csi tiene cola de pato, patas de pato, plumas de pato, pico de pato y hace cua, cua, cua\u201d; entonces es pato.<\/p>\n\n\n\n<p><a href=\"http:\/\/www.historiadores.org\/\" target=\"_blank\" rel=\"noreferrer noopener\">www.historiadores.org<\/a><a href=\"http:\/\/www.estudiospoliticos.mx\/\" target=\"_blank\" rel=\"noreferrer noopener\">www.estudiospoliticos.mx<\/a><br><a href=\"http:\/\/www.twitter.com\/@EstudiosMx\" target=\"_blank\" rel=\"noreferrer noopener\">www.Twitter.com\/@EstudiosMx<\/a><a href=\"http:\/\/www.facebook.com\/EstudiosPoliticos.mx\" target=\"_blank\" rel=\"noreferrer noopener\">www.Facebook.com\/EstudiosPoliticos.mx<\/a><\/p>\n","protected":false},"excerpt":{"rendered":"<p>\u00d3scar Tamez Rodr\u00edguez Lo que menos quieres en casa lo habr\u00e1s de tener. Este refr\u00e1n de la sabidur\u00eda popular refleja lo que vive el l\u00edder de la 4T y su hijo Jos\u00e9 Ram\u00f3n. Es que mientras el gobierno federal pregona austeridad, transparencia, combate a la corrupci\u00f3n y justa median\u00eda; el hijo del mandatario predica con [&hellip;]<\/p>\n","protected":false},"author":1,"featured_media":70873,"comment_status":"open","ping_status":"open","sticky":true,"template":"","format":"standard","meta":{"footnotes":""},"categories":[14,12],"tags":[],"_links":{"self":[{"href":"https:\/\/diariodigitalmx.com\/index.php\/wp-json\/wp\/v2\/posts\/70871"}],"collection":[{"href":"https:\/\/diariodigitalmx.com\/index.php\/wp-json\/wp\/v2\/posts"}],"about":[{"href":"https:\/\/diariodigitalmx.com\/index.php\/wp-json\/wp\/v2\/types\/post"}],"author":[{"embeddable":true,"href":"https:\/\/diariodigitalmx.com\/index.php\/wp-json\/wp\/v2\/users\/1"}],"replies":[{"embeddable":true,"href":"https:\/\/diariodigitalmx.com\/index.php\/wp-json\/wp\/v2\/comments?post=70871"}],"version-history":[{"count":1,"href":"https:\/\/diariodigitalmx.com\/index.php\/wp-json\/wp\/v2\/posts\/70871\/revisions"}],"predecessor-version":[{"id":70872,"href":"https:\/\/diariodigitalmx.com\/index.php\/wp-json\/wp\/v2\/posts\/70871\/revisions\/70872"}],"wp:featuredmedia":[{"embeddable":true,"href":"https:\/\/diariodigitalmx.com\/index.php\/wp-json\/wp\/v2\/media\/70873"}],"wp:attachment":[{"href":"https:\/\/diariodigitalmx.com\/index.php\/wp-json\/wp\/v2\/media?parent=70871"}],"wp:term":[{"taxonomy":"category","embeddable":true,"href":"https:\/\/diariodigitalmx.com\/index.php\/wp-json\/wp\/v2\/categories?post=70871"},{"taxonomy":"post_tag","embeddable":true,"href":"https:\/\/diariodigitalmx.com\/index.php\/wp-json\/wp\/v2\/tags?post=70871"}],"curies":[{"name":"wp","href":"https:\/\/api.w.org\/{rel}","templated":true}]}}